{"id":1444,"date":"2025-02-27T11:31:00","date_gmt":"2025-02-27T10:31:00","guid":{"rendered":"https:\/\/newsite.dnpdental.hu\/?p=1444"},"modified":"2025-11-07T12:01:23","modified_gmt":"2025-11-07T11:01:23","slug":"gyokerkezeles-fajdalommentesen","status":"publish","type":"post","link":"https:\/\/dnpdental.hu\/ru\/gyokerkezeles-fajdalommentesen\/","title":{"rendered":"Gy\u00f6k\u00e9rkezel\u00e9s \u2013 \u00cdgy mentheti meg fogait f\u00e1jdalommentesen"},"content":{"rendered":"<div data-elementor-type=\"wp-post\" data-elementor-id=\"1444\" class=\"elementor elementor-1444\" data-elementor-post-type=\"post\">\n\t\t\t\t<div class=\"elementor-element elementor-element-01e9445 e-flex e-con-boxed e-con e-parent\" data-id=\"01e9445\" data-element_type=\"container\">\n\t\t\t\t\t<div class=\"e-con-inner\">\n\t\t<div class=\"elementor-element elementor-element-d37e45d e-flex e-con-boxed e-con e-child\" data-id=\"d37e45d\" data-element_type=\"container\">\n\t\t\t\t\t<div class=\"e-con-inner\">\n\t\t\t\t<div class=\"elementor-element elementor-element-cdfbc23 elementor-widget elementor-widget-heading\" data-id=\"cdfbc23\" data-element_type=\"widget\" data-widget_type=\"heading.default\">\n\t\t\t\t\t<h1 class=\"elementor-heading-title elementor-size-default\">Gy\u00f6k\u00e9rkezel\u00e9s \u2013 \u00cdgy mentheti meg fogait f\u00e1jdalommentesen<\/h1>\t\t\t\t<\/div>\n\t\t\t\t<div class=\"elementor-element elementor-element-5d7e908 elementor-widget elementor-widget-text-editor\" data-id=\"5d7e908\" data-element_type=\"widget\" data-widget_type=\"text-editor.default\">\n\t\t\t\t\t\t\t\t\t<p>Sokan t\u00e9vesen a gy\u00f6k\u00e9rkezel\u00e9st f\u00e1jdalmas elj\u00e1r\u00e1snak tekintik. Pedig val\u00f3j\u00e1ban a f\u00e1jdalom oka a m\u00e1r jelenl\u00e9v\u0151 gyullad\u00e1s, a gy\u00f6k\u00e9rkezel\u00e9s c\u00e9lja pedig pontosan a f\u00e1jdalom megsz\u00fcntet\u00e9se. Amikor egy fog s\u00falyosan megs\u00e9r\u00fcl vagy fert\u0151z\u0151dik, sokan azonnal a fogh\u00faz\u00e1s mellett d\u00f6nten\u00e9nek, pedig egy id\u0151ben elv\u00e9gzett gy\u00f6k\u00e9rkezel\u00e9ssel megmenthetj\u00fck a probl\u00e9m\u00e1s fogat. Ezzel nem csup\u00e1n id\u0151t \u00e9s energi\u00e1t sp\u00f3rolhatunk, de a kiad\u00e1sainkat is, hiszen ez\u00e1ltal nem v\u00e1lik sz\u00fcks\u00e9gess\u00e9 k\u00f6lts\u00e9ges.<\/p><p>A DNP Dental fog\u00e1szatn\u00e1l modern, f\u00e1jdalommentes elj\u00e1r\u00e1sokkal dolgozunk, hogy p\u00e1cienseink a lehet\u0151 legk\u00e9nyelmesebb kezel\u00e9sben r\u00e9szes\u00fcljenek. Tapasztalt fogorvosaink prec\u00edz technol\u00f3gi\u00e1t alkalmaznak, amelynek k\u00f6sz\u00f6nhet\u0151en a gy\u00f6k\u00e9rkezel\u00e9s hat\u00e9kony \u00e9s hossz\u00fa t\u00e1v\u00fa megold\u00e1st ny\u00fajthat.<\/p>\t\t\t\t\t\t\t\t<\/div>\n\t\t\t\t<div class=\"elementor-element elementor-element-207b18e elementor-widget elementor-widget-heading\" data-id=\"207b18e\" data-element_type=\"widget\" data-widget_type=\"heading.default\">\n\t\t\t\t\t<h2 class=\"elementor-heading-title elementor-size-default\">Mi az a gy\u00f6k\u00e9rkezel\u00e9s \u00e9s mikor van r\u00e1 sz\u00fcks\u00e9g?<\/h2>\t\t\t\t<\/div>\n\t\t\t\t<div class=\"elementor-element elementor-element-ff47652 elementor-widget elementor-widget-text-editor\" data-id=\"ff47652\" data-element_type=\"widget\" data-widget_type=\"text-editor.default\">\n\t\t\t\t\t\t\t\t\t<p>A gy\u00f6k\u00e9rkezel\u00e9s egy olyan fogmegtart\u00f3 elj\u00e1r\u00e1s, amely sor\u00e1n a fogb\u00e9l belsej\u00e9ben tal\u00e1lhat\u00f3 fert\u0151z\u00f6tt vagy elhalt fogb\u00e9lsz\u00f6vetet elt\u00e1vol\u00edtjuk, majd a gy\u00f6k\u00e9rcsatorn\u00e1t alaposan kitiszt\u00edtjuk \u00e9s speci\u00e1lis anyaggal lez\u00e1rjuk.<\/p>\t\t\t\t\t\t\t\t<\/div>\n\t\t<div class=\"elementor-element elementor-element-1b79411 e-con-full e-flex e-con e-child\" data-id=\"1b79411\" data-element_type=\"container\">\n\t\t<div class=\"elementor-element elementor-element-4b3ebc1 e-con-full e-flex e-con e-child\" data-id=\"4b3ebc1\" data-element_type=\"container\">\n\t\t\t\t<div class=\"elementor-element elementor-element-5ffadd0 elementor-widget elementor-widget-heading\" data-id=\"5ffadd0\" data-element_type=\"widget\" data-widget_type=\"heading.default\">\n\t\t\t\t\t<h3 class=\"elementor-heading-title elementor-size-default\">Mikor van sz\u00fcks\u00e9g gy\u00f6k\u00e9rkezel\u00e9sre?\n<\/h3>\t\t\t\t<\/div>\n\t\t\t\t<div class=\"elementor-element elementor-element-d8c290f elementor-widget elementor-widget-text-editor\" data-id=\"d8c290f\" data-element_type=\"widget\" data-widget_type=\"text-editor.default\">\n\t\t\t\t\t\t\t\t\t<ul><li>Er\u0151s, l\u00fcktet\u0151 fogf\u00e1j\u00e1s eset\u00e9n \u2013 K\u00fcl\u00f6n\u00f6sen, ha \u00e9jszaka vagy hideg-meleg hat\u00e1sra jelentkezik.<\/li><li>Ha m\u00e1r elhalt a fog, nem f\u00e1j \u2013 A kr\u00f3nikus gyullad\u00e1s n\u00e9ha t\u00fcnetmentes, de b\u00e1rmikor akut f\u00e1jdalom alakulhat ki.<\/li><li>Duzzanat vagy \u00e9rz\u00e9kenys\u00e9g van az \u00ednyben \u2013 A fert\u0151z\u00e9s gyakran gyullad\u00e1st okoz a k\u00f6rnyez\u0151 sz\u00f6vetekben.<\/li><li>M\u00e9ly fogszuvasod\u00e1s eset\u00e9n \u2013 Ha a lyuk olyan m\u00e9ly, hogy el\u00e9ri a fogbelet, bakt\u00e9riumok juthatnak a fog belsej\u00e9be.<\/li><li>T\u00f6r\u00f6tt fog eset\u00e9n \u2013 Ha a t\u00f6r\u00e9s el\u00e9ri a fog bels\u0151 r\u00e9sz\u00e9t, gy\u00f6k\u00e9rkezel\u00e9s n\u00e9lk\u00fcl a fert\u0151z\u00e9s elker\u00fclhetetlen.<\/li><\/ul>\t\t\t\t\t\t\t\t<\/div>\n\t\t\t\t<\/div>\n\t\t<div class=\"elementor-element elementor-element-3123fd6 e-con-full e-flex e-con e-child\" data-id=\"3123fd6\" data-element_type=\"container\">\n\t\t\t\t<div class=\"elementor-element elementor-element-5d08756 elementor-widget elementor-widget-image\" data-id=\"5d08756\" data-element_type=\"widget\" data-widget_type=\"image.default\">\n\t\t\t\t\t\t\t\t\t\t\t\t\t\t\t<img fetchpriority=\"high\" decoding=\"async\" width=\"600\" height=\"400\" src=\"https:\/\/dnpdental.hu\/wp-content\/uploads\/2025\/11\/6.webp\" class=\"attachment-large size-large wp-image-1521\" alt=\"Gy\u00f6k\u00e9rkezel\u00e9s \u2013 \u00cdgy mentheti meg fogait f\u00e1jdalommentesen\" srcset=\"https:\/\/dnpdental.hu\/wp-content\/uploads\/2025\/11\/6.webp 600w, https:\/\/dnpdental.hu\/wp-content\/uploads\/2025\/11\/6-300x200.webp 300w, https:\/\/dnpdental.hu\/wp-content\/uploads\/2025\/11\/6-18x12.webp 18w\" sizes=\"(max-width: 600px) 100vw, 600px\" \/>\t\t\t\t\t\t\t\t\t\t\t\t\t\t\t<\/div>\n\t\t\t\t<\/div>\n\t\t\t\t<\/div>\n\t\t\t\t<div class=\"elementor-element elementor-element-7b12f6d elementor-widget elementor-widget-text-editor\" data-id=\"7b12f6d\" data-element_type=\"widget\" data-widget_type=\"text-editor.default\">\n\t\t\t\t\t\t\t\t\t<p>Fontos megeml\u00edten\u00fcnk, hogy min\u00e9l hamarabb megt\u00f6rt\u00e9nik a beavatkoz\u00e1s, ann\u00e1l nagyobb az es\u00e9ly a fog megment\u00e9s\u00e9re, illetve min\u00e9l nagyobb m\u00e9rt\u00e9k\u0171 a gyullad\u00e1s, ann\u00e1l kevesebb es\u00e9ly van a fog megment\u00e9s\u00e9re, \u00edgy a fenti t\u00fcnetek megjelen\u00e9se eset\u00e9n ne k\u00e9slekedjen felvenni vel\u00fcnk a kapcsolatot!<\/p>\t\t\t\t\t\t\t\t<\/div>\n\t\t\t\t<div class=\"elementor-element elementor-element-b9a9831 elementor-align-center elementor-widget elementor-widget-button\" data-id=\"b9a9831\" data-element_type=\"widget\" data-widget_type=\"button.default\">\n\t\t\t\t\t\t\t\t\t\t<a class=\"elementor-button elementor-button-link elementor-size-sm\" href=\"\/ru\/idopontfoglalas\/\">\n\t\t\t\t\t\t<span class=\"elementor-button-content-wrapper\">\n\t\t\t\t\t\t\t\t\t<span class=\"elementor-button-text\">\u0423\u0437\u043d\u0430\u0442\u044c \u043f\u043e\u0434\u0440\u043e\u0431\u043d\u0435\u0435<\/span>\n\t\t\t\t\t<\/span>\n\t\t\t\t\t<\/a>\n\t\t\t\t\t\t\t\t<\/div>\n\t\t\t\t<div class=\"elementor-element elementor-element-450fef0 elementor-widget elementor-widget-heading\" data-id=\"450fef0\" data-element_type=\"widget\" data-widget_type=\"heading.default\">\n\t\t\t\t\t<h2 class=\"elementor-heading-title elementor-size-default\">Hogyan zajlik a gy\u00f6k\u00e9rkezel\u00e9s menete a DNP Dental rendel\u0151ben?<\/h2>\t\t\t\t<\/div>\n\t\t\t\t<div class=\"elementor-element elementor-element-fb73800 elementor-widget elementor-widget-text-editor\" data-id=\"fb73800\" data-element_type=\"widget\" data-widget_type=\"text-editor.default\">\n\t\t\t\t\t\t\t\t\t<p>A gy\u00f6k\u00e9rkezel\u00e9st modern \u00e9rz\u00e9stelen\u00edt\u00e9si technol\u00f3gi\u00e1val v\u00e9gezz\u00fck, \u00edgy nem j\u00e1r f\u00e1jdalommal. Ha id\u0151ben t\u00f6rt\u00e9nik a kezel\u00e9s (kisebb a gyullad\u00e1s), akkor hossz\u00fat\u00e1von megel\u0151zhet\u0151 a tov\u00e1bbi f\u00e1jdalom is.<\/p>\t\t\t\t\t\t\t\t<\/div>\n\t\t\t\t<div class=\"elementor-element elementor-element-4e0169e elementor-widget elementor-widget-heading\" data-id=\"4e0169e\" data-element_type=\"widget\" data-widget_type=\"heading.default\">\n\t\t\t\t\t<h3 class=\"elementor-heading-title elementor-size-default\">1. Konzult\u00e1ci\u00f3 \u00e9s diagn\u00f3zis<\/h3>\t\t\t\t<\/div>\n\t\t\t\t<div class=\"elementor-element elementor-element-ea700c2 elementor-widget elementor-widget-text-editor\" data-id=\"ea700c2\" data-element_type=\"widget\" data-widget_type=\"text-editor.default\">\n\t\t\t\t\t\t\t\t\t<ul><li>R\u00f6ntgenfelv\u00e9tel \u00e9s sz\u00e1jvizsg\u00e1lat seg\u00edts\u00e9g\u00e9vel felm\u00e9rj\u00fck a fog \u00e1llapot\u00e1t.<\/li><li>Meghat\u00e1rozzuk a fert\u0151z\u00e9s m\u00e9rt\u00e9k\u00e9t \u00e9s a gy\u00f6k\u00e9rcsatorn\u00e1k sz\u00e1m\u00e1t. (Az el\u00fcls\u0151\/front fogak 1 csatorn\u00e1val, a kis\u00f6rl\u0151 fogak \u00e1ltal\u00e1ban 2 csatorn\u00e1val a nagy\u00f6rl\u0151 fogak pedig 3-4 csatorn\u00e1val rendelkeznek).<\/li><li>Ezut\u00e1n meghat\u00e1rozzuk az \u00d6n szem\u00e9lyre szabott kezel\u00e9s\u00e9nek l\u00e9p\u00e9seit, t\u00e1j\u00e9koztatjuk a v\u00e1rhat\u00f3 eredm\u00e9nyekr\u0151l.<\/li><\/ul>\t\t\t\t\t\t\t\t<\/div>\n\t\t\t\t<div class=\"elementor-element elementor-element-4b6c25c elementor-widget elementor-widget-heading\" data-id=\"4b6c25c\" data-element_type=\"widget\" data-widget_type=\"heading.default\">\n\t\t\t\t\t<h3 class=\"elementor-heading-title elementor-size-default\">2. \u00c9rz\u00e9stelen\u00edt\u00e9s \u00e9s csatornatiszt\u00edt\u00e1s\n<\/h3>\t\t\t\t<\/div>\n\t\t\t\t<div class=\"elementor-element elementor-element-f5e064b elementor-widget elementor-widget-text-editor\" data-id=\"f5e064b\" data-element_type=\"widget\" data-widget_type=\"text-editor.default\">\n\t\t\t\t\t\t\t\t\t<ul><li>A kezel\u00e9s el\u0151tt helyi \u00e9rz\u00e9stelen\u00edt\u00e9st alkalmazunk, \u00edgy a teljes ter\u00fclet elzsibbad, \u00e9s a beavatkoz\u00e1s teljesen f\u00e1jdalommentes lesz.<\/li><li>F\u00far\u00e1ssal a fogat megnyitjuk, ez ut\u00e1n az idegkamra \u00e9s gy\u00f6k\u00e9rcsatorn\u00e1k felt\u00e1r\u00e1sa k\u00f6vetkezik.<\/li><li>A fogb\u00e9lb\u0151l elt\u00e1vol\u00edtjuk a fert\u0151z\u00f6tt sz\u00f6veteket.<\/li><li>Prec\u00edz technik\u00e1val \u00e9s modern eszk\u00f6z\u00f6kkel alaposan kitiszt\u00edtjuk \u00e9s fert\u0151tlen\u00edtj\u00fck a gy\u00f6k\u00e9rcsatorn\u00e1kat.<\/li><\/ul>\t\t\t\t\t\t\t\t<\/div>\n\t\t\t\t<div class=\"elementor-element elementor-element-87055e7 elementor-widget elementor-widget-heading\" data-id=\"87055e7\" data-element_type=\"widget\" data-widget_type=\"heading.default\">\n\t\t\t\t\t<h3 class=\"elementor-heading-title elementor-size-default\">3. Gy\u00f6k\u00e9rt\u00f6m\u00e9s \u00e9s helyre\u00e1ll\u00edt\u00e1s<\/h3>\t\t\t\t<\/div>\n\t\t\t\t<div class=\"elementor-element elementor-element-f1069f0 elementor-widget elementor-widget-text-editor\" data-id=\"f1069f0\" data-element_type=\"widget\" data-widget_type=\"text-editor.default\">\n\t\t\t\t\t\t\t\t\t<ul><li>Ha a csatorn\u00e1k teljesen tiszt\u00e1k \u00e9s nem v\u00e9reznek, azonnal v\u00e9gleges gy\u00f6k\u00e9rt\u00f6m\u00e9sre ker\u00fcl sor.<\/li><li>Ha a csatorna gennyes vagy v\u00e9rzik, ideiglenes t\u00f6m\u00e9st helyez\u00fcnk be, \u00e9s egy m\u00e1sodik alkalommal fejezz\u00fck be a gy\u00f6k\u00e9rt\u00f6m\u00e9st.<\/li><li>Ha a fog szerkezete gyenge, korona felhelyez\u00e9s\u00e9re lehet sz\u00fcks\u00e9g.<\/li><\/ul>\t\t\t\t\t\t\t\t<\/div>\n\t\t\t\t<div class=\"elementor-element elementor-element-6242f2d elementor-widget elementor-widget-text-editor\" data-id=\"6242f2d\" data-element_type=\"widget\" data-widget_type=\"text-editor.default\">\n\t\t\t\t\t\t\t\t\t<p>A kezel\u00e9s id\u0151tartama 45\u201375 perc a gy\u00f6k\u00e9rcsatorn\u00e1k sz\u00e1m\u00e1t\u00f3l f\u00fcgg\u0151en, amely v\u00e9g\u00fcl az \u00e1raz\u00e1st is meg fogja hat\u00e1rozni.<\/p>\t\t\t\t\t\t\t\t<\/div>\n\t\t<div class=\"elementor-element elementor-element-8f714e5 e-con-full e-flex e-con e-child\" data-id=\"8f714e5\" data-element_type=\"container\">\n\t\t<div class=\"elementor-element elementor-element-94d7df8 e-con-full e-flex e-con e-child\" data-id=\"94d7df8\" data-element_type=\"container\">\n\t\t\t\t<div class=\"elementor-element elementor-element-12ffa21 elementor-widget elementor-widget-heading\" data-id=\"12ffa21\" data-element_type=\"widget\" data-widget_type=\"heading.default\">\n\t\t\t\t\t<h2 class=\"elementor-heading-title elementor-size-default\">Ismerje meg szakorvosunkat, Dr. Ali Fatemit<\/h2>\t\t\t\t<\/div>\n\t\t\t\t<div class=\"elementor-element elementor-element-0dbf2d1 elementor-widget elementor-widget-text-editor\" data-id=\"0dbf2d1\" data-element_type=\"widget\" data-widget_type=\"text-editor.default\">\n\t\t\t\t\t\t\t\t\t<div class=\"col-sm-6\"><div><p>Dr. Ali Fatemi Endodontus fogorvos csal\u00e1db\u00f3l sz\u00e1rmazik, ez\u00e9rt m\u00e1r gyermekkor\u00e1t\u00f3l kezdve a fog\u00e1szat ir\u00e1nt \u00e9rdekl\u0151d\u00f6tt, \u00e9s ebben a szakm\u00e1ban k\u00e9pzelte el a j\u00f6v\u0151j\u00e9t.<\/p><p>2017-ben k\u00f6lt\u00f6z\u00f6tt Magyarorsz\u00e1gra, majd 2022-ben diplom\u00e1zott a Debreceni Egyetem Fogorvostudom\u00e1nyi Kar\u00e1n. Egyetemi \u00e9vei alatt kiemelked\u0151 teljes\u00edtm\u00e9ny\u00e9nek k\u00f6sz\u00f6nhet\u0151en h\u00e1rom szemeszteren \u00e1t elnyerte a \u201eLegjobb di\u00e1k\u201d c\u00edmet.<\/p><p>Szakter\u00fclete az endodoncia, azaz a fogak megment\u00e9se, amelyet az\u00e9rt v\u00e1lasztott, mert a sikeres kezel\u00e9s ut\u00e1n a p\u00e1ciensek f\u00e1jdalommentesen, el\u00e9gedetten t\u00e1vozhatnak a rendel\u0151b\u0151l. Rendszeresen r\u00e9szt vesz szakmai tov\u00e1bbk\u00e9pz\u00e9seken, \u00e9s m\u00e1r hossz\u00fa \u00e9vek \u00f3ta akt\u00edvan r\u00e9szt v\u00e1llal a fogorvostanhallgat\u00f3k oktat\u00e1s\u00e1ban is.<\/p><p>P\u00e1cienseihez mindig t\u00fcrelemmel \u00e9s meg\u00e9rt\u00e9ssel fordul, \u00e9s kiemelten fontosnak tartja, hogy minden kezel\u00e9st a legmagasabb szakmai sz\u00ednvonalon v\u00e9gezzen el. C\u00e9lja, hogy olyan nyugodt \u00e9s bizalommal teli l\u00e9gk\u00f6rt teremtsen, ahol a p\u00e1ciensek f\u00e9lelmek n\u00e9lk\u00fcl, el\u00e9gedetten t\u00e1vozhatnak a rendel\u0151b\u0151l.<\/p><p>Szabadidej\u00e9ben bokszol, \u00e9s szenved\u00e9lyesen szereti a futballt.<\/p><\/div><\/div>\t\t\t\t\t\t\t\t<\/div>\n\t\t\t\t<div class=\"elementor-element elementor-element-5dcb73e elementor-align-center elementor-widget elementor-widget-button\" data-id=\"5dcb73e\" data-element_type=\"widget\" data-widget_type=\"button.default\">\n\t\t\t\t\t\t\t\t\t\t<a class=\"elementor-button elementor-button-link elementor-size-sm\" href=\"\/ru\/idopontfoglalas\/\">\n\t\t\t\t\t\t<span class=\"elementor-button-content-wrapper\">\n\t\t\t\t\t\t\t\t\t<span class=\"elementor-button-text\">\u0423\u0437\u043d\u0430\u0442\u044c \u043f\u043e\u0434\u0440\u043e\u0431\u043d\u0435\u0435<\/span>\n\t\t\t\t\t<\/span>\n\t\t\t\t\t<\/a>\n\t\t\t\t\t\t\t\t<\/div>\n\t\t\t\t<\/div>\n\t\t<div class=\"elementor-element elementor-element-b20fdff e-con-full e-flex e-con e-child\" data-id=\"b20fdff\" data-element_type=\"container\">\n\t\t\t\t<div class=\"elementor-element elementor-element-2abc529 elementor-widget elementor-widget-image\" data-id=\"2abc529\" data-element_type=\"widget\" data-widget_type=\"image.default\">\n\t\t\t\t\t\t\t\t\t\t\t\t\t\t\t<img decoding=\"async\" width=\"600\" height=\"900\" src=\"https:\/\/dnpdental.hu\/wp-content\/uploads\/2025\/10\/Dr_Ali_Fatemi.webp\" class=\"attachment-large size-large wp-image-594\" alt=\"Dr. Ali Fatemi Endodontus fogmegtart\u00f3 fogszakorvos\" srcset=\"https:\/\/dnpdental.hu\/wp-content\/uploads\/2025\/10\/Dr_Ali_Fatemi.webp 600w, https:\/\/dnpdental.hu\/wp-content\/uploads\/2025\/10\/Dr_Ali_Fatemi-200x300.webp 200w, https:\/\/dnpdental.hu\/wp-content\/uploads\/2025\/10\/Dr_Ali_Fatemi-8x12.webp 8w\" sizes=\"(max-width: 600px) 100vw, 600px\" \/>\t\t\t\t\t\t\t\t\t\t\t\t\t\t\t<\/div>\n\t\t\t\t<\/div>\n\t\t\t\t<\/div>\n\t\t<div class=\"elementor-element elementor-element-2f84417 e-con-full e-flex e-con e-child\" data-id=\"2f84417\" data-element_type=\"container\" data-settings=\"{&quot;background_background&quot;:&quot;classic&quot;}\">\n\t\t\t\t<div class=\"elementor-element elementor-element-4362e98 elementor-widget elementor-widget-text-editor\" data-id=\"4362e98\" data-element_type=\"widget\" data-widget_type=\"text-editor.default\">\n\t\t\t\t\t\t\t\t\t<div>&#8222;Dr. Ali Fatemi kezel\u00e9se alatt teljes m\u00e9rt\u00e9kben el\u00e9gedett voltam. A gy\u00f6k\u00e9rkezel\u00e9s sor\u00e1n v\u00e9gig profi m\u00f3don j\u00e1rt el, minden l\u00e9p\u00e9st alaposan elmagyar\u00e1zott, \u00edgy teljesen biztos voltam abban, hogy j\u00f3 kezekben vagyok. A Doktor \u00far kiv\u00e1l\u00f3an besz\u00e9l magyarul \u00e9s angolul egyar\u00e1nt, sz\u00f3val a kommunik\u00e1ci\u00f3 is teljes m\u00e9rt\u00e9kben g\u00f6rd\u00fcl\u00e9keny volt. A kezel\u00e9s f\u00e1jdalommentes volt, \u00e9s az orvos rendk\u00edv\u00fcl figyelmes \u00e9s t\u00fcrelmes volt velem. Minden k\u00e9rd\u00e9semre gyorsan \u00e9s vil\u00e1gosan v\u00e1laszolt. Csak aj\u00e1nlani tudom \u0151t mindenkinek, aki fog\u00e1szati kezel\u00e9sre v\u00e1gyik.\u201d<\/div>\t\t\t\t\t\t\t\t<\/div>\n\t\t\t\t<\/div>\n\t\t\t\t<div class=\"elementor-element elementor-element-af9e606 elementor-widget elementor-widget-heading\" data-id=\"af9e606\" data-element_type=\"widget\" data-widget_type=\"heading.default\">\n\t\t\t\t\t<h2 class=\"elementor-heading-title elementor-size-default\">Mire sz\u00e1m\u00edthat gy\u00f6k\u00e9rkezel\u00e9s ut\u00e1n?<\/h2>\t\t\t\t<\/div>\n\t\t\t\t<div class=\"elementor-element elementor-element-39efa56 elementor-widget elementor-widget-text-editor\" data-id=\"39efa56\" data-element_type=\"widget\" data-widget_type=\"text-editor.default\">\n\t\t\t\t\t\t\t\t\t<div class=\"col-sm-6\"><p>A beavatkoz\u00e1s ut\u00e1n n\u00e9h\u00e1ny napig el\u0151fordulhat \u00e9rz\u00e9kenys\u00e9g vagy enyhe f\u00e1jdalom, amely f\u00e1jdalomcsillap\u00edt\u00f3val kezelhet\u0151.<\/p><ul><li>2-4 napig a kezelt ter\u00fclet \u00e9rz\u00e9keny lehet.<\/li><li>1-3 napig sz\u00fcks\u00e9g eset\u00e9n f\u00e1jdalomcsillap\u00edt\u00f3 javasolt.<\/li><li>6 h\u00f3nap ut\u00e1n kontrollvizsg\u00e1lat aj\u00e1nlott, hogy meggy\u0151z\u0151dj\u00fcnk a fog stabilit\u00e1s\u00e1r\u00f3l.<\/li><\/ul><\/div>\t\t\t\t\t\t\t\t<\/div>\n\t\t\t\t<div class=\"elementor-element elementor-element-a16ba99 elementor-widget elementor-widget-heading\" data-id=\"a16ba99\" data-element_type=\"widget\" data-widget_type=\"heading.default\">\n\t\t\t\t\t<h2 class=\"elementor-heading-title elementor-size-default\">Gyakran Ism\u00e9telt K\u00e9rd\u00e9sek (GYIK)<\/h2>\t\t\t\t<\/div>\n\t\t\t\t<div class=\"elementor-element elementor-element-d4394ea elementor-widget elementor-widget-heading\" data-id=\"d4394ea\" data-element_type=\"widget\" data-widget_type=\"heading.default\">\n\t\t\t\t\t<h3 class=\"elementor-heading-title elementor-size-default\">F\u00e1jdalmas a gy\u00f6k\u00e9rkezel\u00e9s?<\/h3>\t\t\t\t<\/div>\n\t\t\t\t<div class=\"elementor-element elementor-element-82026ff elementor-widget elementor-widget-text-editor\" data-id=\"82026ff\" data-element_type=\"widget\" data-widget_type=\"text-editor.default\">\n\t\t\t\t\t\t\t\t\t<p>Nem. A kezel\u00e9s teljes \u00e9rz\u00e9stelen\u00edt\u00e9sben t\u00f6rt\u00e9nik, \u00edgy nem j\u00e1r f\u00e1jdalommal.<\/p>\t\t\t\t\t\t\t\t<\/div>\n\t\t\t\t<div class=\"elementor-element elementor-element-0cac1eb elementor-widget elementor-widget-heading\" data-id=\"0cac1eb\" data-element_type=\"widget\" data-widget_type=\"heading.default\">\n\t\t\t\t\t<h3 class=\"elementor-heading-title elementor-size-default\">H\u00e1ny alkalom sz\u00fcks\u00e9ges a gy\u00f6k\u00e9rkezel\u00e9shez?\n<\/h3>\t\t\t\t<\/div>\n\t\t\t\t<div class=\"elementor-element elementor-element-2636d95 elementor-widget elementor-widget-text-editor\" data-id=\"2636d95\" data-element_type=\"widget\" data-widget_type=\"text-editor.default\">\n\t\t\t\t\t\t\t\t\t<p>A fog \u00e1llapot\u00e1t\u00f3l f\u00fcgg\u0151en:<\/p><ul><li>1 alkalom, ha a csatorn\u00e1k nem fert\u0151z\u00f6ttek.<\/li><li>2 alkalom, ha a fog gennyes vagy v\u00e9rzik.<\/li><\/ul>\t\t\t\t\t\t\t\t<\/div>\n\t\t\t\t<div class=\"elementor-element elementor-element-3d8f5a2 elementor-widget elementor-widget-heading\" data-id=\"3d8f5a2\" data-element_type=\"widget\" data-widget_type=\"heading.default\">\n\t\t\t\t\t<h3 class=\"elementor-heading-title elementor-size-default\">Mennyibe ker\u00fcl a gy\u00f6k\u00e9rkezel\u00e9s?\n<\/h3>\t\t\t\t<\/div>\n\t\t\t\t<div class=\"elementor-element elementor-element-9e17690 elementor-widget elementor-widget-text-editor\" data-id=\"9e17690\" data-element_type=\"widget\" data-widget_type=\"text-editor.default\">\n\t\t\t\t\t\t\t\t\t<p>Az \u00e1r a gy\u00f6k\u00e9rcsatorn\u00e1k sz\u00e1m\u00e1t\u00f3l f\u00fcgg, az \u00f6sszetettebb kezel\u00e9snek magasabb lehet a k\u00f6lts\u00e9ge. Pontos \u00e1raj\u00e1nlatot a konzult\u00e1ci\u00f3t k\u00f6vet\u0151en tudunk adni.<\/p>\t\t\t\t\t\t\t\t<\/div>\n\t\t\t\t<div class=\"elementor-element elementor-element-1899137 elementor-widget elementor-widget-heading\" data-id=\"1899137\" data-element_type=\"widget\" data-widget_type=\"heading.default\">\n\t\t\t\t\t<h3 class=\"elementor-heading-title elementor-size-default\">Mennyire tart\u00f3s a gy\u00f6k\u00e9rkezelt fog?\n<\/h3>\t\t\t\t<\/div>\n\t\t\t\t<div class=\"elementor-element elementor-element-8ab2489 elementor-widget elementor-widget-text-editor\" data-id=\"8ab2489\" data-element_type=\"widget\" data-widget_type=\"text-editor.default\">\n\t\t\t\t\t\t\t\t\t<p>Ha a kezel\u00e9s id\u0151ben t\u00f6rt\u00e9nik \u00e9s megfelel\u0151 ut\u00f3kezel\u00e9st kap a fog (pl. t\u00f6m\u00e9s vagy korona), ak\u00e1r egy \u00e9leten \u00e1t is meg\u0151rizhet\u0151!<\/p>\t\t\t\t\t\t\t\t<\/div>\n\t\t\t\t<div class=\"elementor-element elementor-element-747b947 elementor-widget elementor-widget-heading\" data-id=\"747b947\" data-element_type=\"widget\" data-widget_type=\"heading.default\">\n\t\t\t\t\t<h3 class=\"elementor-heading-title elementor-size-default\">El\u0151fordulhat valamilyen sz\u00f6v\u0151dm\u00e9ny a gy\u00f6k\u00e9rkezel\u00e9s ut\u00e1n?<\/h3>\t\t\t\t<\/div>\n\t\t\t\t<div class=\"elementor-element elementor-element-acf3825 elementor-widget elementor-widget-text-editor\" data-id=\"acf3825\" data-element_type=\"widget\" data-widget_type=\"text-editor.default\">\n\t\t\t\t\t\t\t\t\t<p>A leggyakoribb sz\u00f6v\u0151dm\u00e9ny a fog t\u00f6r\u00e9kenny\u00e9 v\u00e1l\u00e1sa vagy let\u00f6r\u00e9se. Mivel a gy\u00f6k\u00e9rkezel\u00e9s sor\u00e1n a fog bels\u0151 r\u00e9sze elt\u00e1vol\u00edt\u00e1sra ker\u00fcl, annak szerkezete meggyeng\u00fclhet. Ennek elker\u00fcl\u00e9se \u00e9rdek\u00e9ben gyakran javasolt a fog meger\u0151s\u00edt\u00e9se v\u00e9gleges t\u00f6m\u00e9ssel vagy koron\u00e1val, amely stabiliz\u00e1lja \u00e9s v\u00e9di a fogat hossz\u00fa t\u00e1von.<\/p>\t\t\t\t\t\t\t\t<\/div>\n\t\t\t\t<div class=\"elementor-element elementor-element-d3e86b9 elementor-widget elementor-widget-heading\" data-id=\"d3e86b9\" data-element_type=\"widget\" data-widget_type=\"heading.default\">\n\t\t\t\t\t<h3 class=\"elementor-heading-title elementor-size-default\">El\u0151fordulhat duzzanat a gy\u00f6k\u00e9rkezel\u00e9s ut\u00e1n?<\/h3>\t\t\t\t<\/div>\n\t\t\t\t<div class=\"elementor-element elementor-element-405672f elementor-widget elementor-widget-text-editor\" data-id=\"405672f\" data-element_type=\"widget\" data-widget_type=\"text-editor.default\">\n\t\t\t\t\t\t\t\t\t<p>Duzzanat ritk\u00e1n jelentkezik a kezel\u00e9s ut\u00e1n. Ha azonban az arc feldagad, az arra utalhat, hogy a gyullad\u00e1s nem sz\u0171nt meg teljesen, vagy \u00fajabb fert\u0151z\u00e9s alakult ki. Ebben az esetben miel\u0151bb \u00e9rdemes konzult\u00e1lni a kezel\u0151orvossal, hogy elker\u00fclj\u00fck a tov\u00e1bbi komplik\u00e1ci\u00f3kat.<\/p>\t\t\t\t\t\t\t\t<\/div>\n\t\t\t\t<div class=\"elementor-element elementor-element-f3477e8 elementor-widget elementor-widget-heading\" data-id=\"f3477e8\" data-element_type=\"widget\" data-widget_type=\"heading.default\">\n\t\t\t\t\t<h2 class=\"elementor-heading-title elementor-size-default\">Foglaljon id\u0151pontot f\u00e1jdalommentes gy\u00f6k\u00e9rkezel\u00e9sre!<\/h2>\t\t\t\t<\/div>\n\t\t\t\t<div class=\"elementor-element elementor-element-c7647d3 elementor-widget elementor-widget-text-editor\" data-id=\"c7647d3\" data-element_type=\"widget\" data-widget_type=\"text-editor.default\">\n\t\t\t\t\t\t\t\t\t<p>A DNP Dental fog\u00e1szatban tapasztalt szakemberekkel, modern eszk\u00f6z\u00f6kkel \u00e9s f\u00e1jdalommentes elj\u00e1r\u00e1sokkal seg\u00edt\u00fcnk, hogy fogait min\u00e9l tov\u00e1bb eg\u00e9szs\u00e9gesen meg\u0151rizhesse.<\/p><p>Ne halogassa a kezel\u00e9st, foglaljon id\u0151pontot \u00e9s mentse megy fogait, ameddig csak lehets\u00e9ges!<\/p><p>\u00a0<\/p><p><u><strong>C\u00edm:<\/strong><\/u>\u00a01115 Budapest, Bart\u00f3k B\u00e9la \u00fat 90, Els\u0151 emelet<\/p><p><u><strong>\u0422\u0435\u043b\u0435\u0444\u043e\u043d<\/strong><\/u>\u00a0+36 70 613 6646<\/p><p><u><strong>E-mail:<\/strong><\/u>\u00a0rendelo@dnpdental.hu<\/p>\t\t\t\t\t\t\t\t<\/div>\n\t\t\t\t<div class=\"elementor-element elementor-element-02b36a6 elementor-align-center elementor-widget elementor-widget-button\" data-id=\"02b36a6\" data-element_type=\"widget\" data-widget_type=\"button.default\">\n\t\t\t\t\t\t\t\t\t\t<a class=\"elementor-button elementor-button-link elementor-size-sm\" href=\"\/ru\/idopontfoglalas\/\">\n\t\t\t\t\t\t<span class=\"elementor-button-content-wrapper\">\n\t\t\t\t\t\t\t\t\t<span class=\"elementor-button-text\">\u0423\u0437\u043d\u0430\u0442\u044c \u043f\u043e\u0434\u0440\u043e\u0431\u043d\u0435\u0435<\/span>\n\t\t\t\t\t<\/span>\n\t\t\t\t\t<\/a>\n\t\t\t\t\t\t\t\t<\/div>\n\t\t\t\t\t<\/div>\n\t\t\t\t<\/div>\n\t\t\t\t\t<\/div>\n\t\t\t\t<\/div>\n\t\t\t\t<\/div>","protected":false},"excerpt":{"rendered":"<p>Sokan t\u00e9vesen a gy\u00f6k\u00e9rkezel\u00e9st f\u00e1jdalmas elj\u00e1r\u00e1snak tekintik. Pedig val\u00f3j\u00e1ban a f\u00e1jdalom oka a m\u00e1r jelenl\u00e9v\u0151 gyullad\u00e1s, a gy\u00f6k\u00e9rkezel\u00e9s c\u00e9lja pedig pontosan a f\u00e1jdalom megsz\u00fcntet\u00e9se.<\/p>","protected":false},"author":1,"featured_media":1521,"comment_status":"closed","ping_status":"closed","sticky":false,"template":"elementor_header_footer","format":"standard","meta":{"footnotes":""},"categories":[14],"tags":[],"class_list":["post-1444","post","type-post","status-publish","format-standard","has-post-thumbnail","hentry","category-gyokerkezeles"],"yoast_head":"<!-- This site is optimized with the Yoast SEO Premium plugin v26.2 (Yoast SEO v26.5) - https:\/\/yoast.com\/wordpress\/plugins\/seo\/ -->\n<title>Gy\u00f6k\u00e9rkezel\u00e9s \u2013 \u00cdgy mentheti meg fogait f\u00e1jdalommentesen | DNP Dental<\/title>\n<meta name=\"description\" content=\"A gy\u00f6k\u00e9rkezel\u00e9s egy olyan fogmegtart\u00f3 elj\u00e1r\u00e1s, amely sor\u00e1n a fogb\u00e9l belsej\u00e9ben tal\u00e1lhat\u00f3 fert\u0151z\u00f6tt vagy elhalt fogb\u00e9lsz\u00f6vetet elt\u00e1vol\u00edtjuk, majd a gy\u00f6k\u00e9rcsatorn\u00e1t alaposan kitiszt\u00edtjuk \u00e9s speci\u00e1lis anyaggal lez\u00e1rjuk.\" \/>\n<meta name=\"robots\" content=\"index, follow, max-snippet:-1, max-image-preview:large, max-video-preview:-1\" \/>\n<link rel=\"canonical\" href=\"https:\/\/dnpdental.hu\/ru\/gyokerkezeles-fajdalommentesen\/\" \/>\n<meta property=\"og:locale\" content=\"ru_RU\" \/>\n<meta property=\"og:type\" content=\"article\" \/>\n<meta property=\"og:title\" content=\"Gy\u00f6k\u00e9rkezel\u00e9s \u2013 \u00cdgy mentheti meg fogait f\u00e1jdalommentesen\" \/>\n<meta property=\"og:description\" content=\"A gy\u00f6k\u00e9rkezel\u00e9s egy olyan fogmegtart\u00f3 elj\u00e1r\u00e1s, amely sor\u00e1n a fogb\u00e9l belsej\u00e9ben tal\u00e1lhat\u00f3 fert\u0151z\u00f6tt vagy elhalt fogb\u00e9lsz\u00f6vetet elt\u00e1vol\u00edtjuk, majd a gy\u00f6k\u00e9rcsatorn\u00e1t alaposan kitiszt\u00edtjuk \u00e9s speci\u00e1lis anyaggal lez\u00e1rjuk.\" \/>\n<meta property=\"og:url\" content=\"https:\/\/dnpdental.hu\/ru\/gyokerkezeles-fajdalommentesen\/\" \/>\n<meta property=\"og:site_name\" content=\"DNP Dental\" \/>\n<meta property=\"article:published_time\" content=\"2025-02-27T10:31:00+00:00\" \/>\n<meta property=\"article:modified_time\" content=\"2025-11-07T11:01:23+00:00\" \/>\n<meta property=\"og:image\" content=\"https:\/\/dnpdental.hu\/wp-content\/uploads\/2025\/11\/6.webp\" \/>\n\t<meta property=\"og:image:width\" content=\"600\" \/>\n\t<meta property=\"og:image:height\" content=\"400\" \/>\n\t<meta property=\"og:image:type\" content=\"image\/webp\" \/>\n<meta name=\"author\" content=\"admin\" \/>\n<meta name=\"twitter:card\" content=\"summary_large_image\" \/>\n<meta name=\"twitter:label1\" content=\"\u041d\u0430\u043f\u0438\u0441\u0430\u043d\u043e \u0430\u0432\u0442\u043e\u0440\u043e\u043c\" \/>\n\t<meta name=\"twitter:data1\" content=\"admin\" \/>\n\t<meta name=\"twitter:label2\" content=\"\u041f\u0440\u0438\u043c\u0435\u0440\u043d\u043e\u0435 \u0432\u0440\u0435\u043c\u044f \u0434\u043b\u044f \u0447\u0442\u0435\u043d\u0438\u044f\" \/>\n\t<meta name=\"twitter:data2\" content=\"6 \u043c\u0438\u043d\u0443\u0442\" \/>\n<script type=\"application\/ld+json\" class=\"yoast-schema-graph\">{\"@context\":\"https:\/\/schema.org\",\"@graph\":[{\"@type\":\"Article\",\"@id\":\"https:\/\/dnpdental.hu\/gyokerkezeles-fajdalommentesen\/#article\",\"isPartOf\":{\"@id\":\"https:\/\/dnpdental.hu\/gyokerkezeles-fajdalommentesen\/\"},\"author\":{\"name\":\"admin\",\"@id\":\"https:\/\/dnpdental.hu\/#\/schema\/person\/b5c18162ae13aaeb34c6370164d621e7\"},\"headline\":\"Gy\u00f6k\u00e9rkezel\u00e9s \u2013 \u00cdgy mentheti meg fogait f\u00e1jdalommentesen\",\"datePublished\":\"2025-02-27T10:31:00+00:00\",\"dateModified\":\"2025-11-07T11:01:23+00:00\",\"mainEntityOfPage\":{\"@id\":\"https:\/\/dnpdental.hu\/gyokerkezeles-fajdalommentesen\/\"},\"wordCount\":1562,\"publisher\":{\"@id\":\"https:\/\/dnpdental.hu\/#organization\"},\"image\":{\"@id\":\"https:\/\/dnpdental.hu\/gyokerkezeles-fajdalommentesen\/#primaryimage\"},\"thumbnailUrl\":\"https:\/\/dnpdental.hu\/wp-content\/uploads\/2025\/11\/6.webp\",\"articleSection\":[\"Gy\u00f6k\u00e9rkezel\u00e9s\"],\"inLanguage\":\"ru-RU\"},{\"@type\":\"WebPage\",\"@id\":\"https:\/\/dnpdental.hu\/gyokerkezeles-fajdalommentesen\/\",\"url\":\"https:\/\/dnpdental.hu\/gyokerkezeles-fajdalommentesen\/\",\"name\":\"Gy\u00f6k\u00e9rkezel\u00e9s \u2013 \u00cdgy mentheti meg fogait f\u00e1jdalommentesen | DNP Dental\",\"isPartOf\":{\"@id\":\"https:\/\/dnpdental.hu\/#website\"},\"primaryImageOfPage\":{\"@id\":\"https:\/\/dnpdental.hu\/gyokerkezeles-fajdalommentesen\/#primaryimage\"},\"image\":{\"@id\":\"https:\/\/dnpdental.hu\/gyokerkezeles-fajdalommentesen\/#primaryimage\"},\"thumbnailUrl\":\"https:\/\/dnpdental.hu\/wp-content\/uploads\/2025\/11\/6.webp\",\"datePublished\":\"2025-02-27T10:31:00+00:00\",\"dateModified\":\"2025-11-07T11:01:23+00:00\",\"description\":\"A gy\u00f6k\u00e9rkezel\u00e9s egy olyan fogmegtart\u00f3 elj\u00e1r\u00e1s, amely sor\u00e1n a fogb\u00e9l belsej\u00e9ben tal\u00e1lhat\u00f3 fert\u0151z\u00f6tt vagy elhalt fogb\u00e9lsz\u00f6vetet elt\u00e1vol\u00edtjuk, majd a gy\u00f6k\u00e9rcsatorn\u00e1t alaposan kitiszt\u00edtjuk \u00e9s speci\u00e1lis anyaggal lez\u00e1rjuk.\",\"breadcrumb\":{\"@id\":\"https:\/\/dnpdental.hu\/gyokerkezeles-fajdalommentesen\/#breadcrumb\"},\"inLanguage\":\"ru-RU\",\"potentialAction\":[{\"@type\":\"ReadAction\",\"target\":[\"https:\/\/dnpdental.hu\/gyokerkezeles-fajdalommentesen\/\"]}]},{\"@type\":\"ImageObject\",\"inLanguage\":\"ru-RU\",\"@id\":\"https:\/\/dnpdental.hu\/gyokerkezeles-fajdalommentesen\/#primaryimage\",\"url\":\"https:\/\/dnpdental.hu\/wp-content\/uploads\/2025\/11\/6.webp\",\"contentUrl\":\"https:\/\/dnpdental.hu\/wp-content\/uploads\/2025\/11\/6.webp\",\"width\":600,\"height\":400,\"caption\":\"Gy\u00f6k\u00e9rkezel\u00e9s \u2013 \u00cdgy mentheti meg fogait f\u00e1jdalommentesen\"},{\"@type\":\"BreadcrumbList\",\"@id\":\"https:\/\/dnpdental.hu\/gyokerkezeles-fajdalommentesen\/#breadcrumb\",\"itemListElement\":[{\"@type\":\"ListItem\",\"position\":1,\"name\":\"Kezd\u0151lap\",\"item\":\"https:\/\/dnpdental.hu\/\"},{\"@type\":\"ListItem\",\"position\":2,\"name\":\"Gy\u00f6k\u00e9rkezel\u00e9s \u2013 \u00cdgy mentheti meg fogait f\u00e1jdalommentesen\"}]},{\"@type\":\"WebSite\",\"@id\":\"https:\/\/dnpdental.hu\/#website\",\"url\":\"https:\/\/dnpdental.hu\/\",\"name\":\"DNP Dental\",\"description\":\"\",\"publisher\":{\"@id\":\"https:\/\/dnpdental.hu\/#organization\"},\"potentialAction\":[{\"@type\":\"SearchAction\",\"target\":{\"@type\":\"EntryPoint\",\"urlTemplate\":\"https:\/\/dnpdental.hu\/?s={search_term_string}\"},\"query-input\":{\"@type\":\"PropertyValueSpecification\",\"valueRequired\":true,\"valueName\":\"search_term_string\"}}],\"inLanguage\":\"ru-RU\"},{\"@type\":\"Organization\",\"@id\":\"https:\/\/dnpdental.hu\/#organization\",\"name\":\"DNP Dental\",\"url\":\"https:\/\/dnpdental.hu\/\",\"logo\":{\"@type\":\"ImageObject\",\"inLanguage\":\"ru-RU\",\"@id\":\"https:\/\/dnpdental.hu\/#\/schema\/logo\/image\/\",\"url\":\"https:\/\/dnpdental.hu\/wp-content\/uploads\/2025\/11\/DNP-10_mini.webp\",\"contentUrl\":\"https:\/\/dnpdental.hu\/wp-content\/uploads\/2025\/11\/DNP-10_mini.webp\",\"width\":420,\"height\":202,\"caption\":\"DNP Dental\"},\"image\":{\"@id\":\"https:\/\/dnpdental.hu\/#\/schema\/logo\/image\/\"}},{\"@type\":\"Person\",\"@id\":\"https:\/\/dnpdental.hu\/#\/schema\/person\/b5c18162ae13aaeb34c6370164d621e7\",\"name\":\"admin\",\"sameAs\":[\"https:\/\/newsite.dnpdental.hu\"],\"url\":\"https:\/\/dnpdental.hu\/ru\/author\/admin_ogz6gh4z\/\"}]}<\/script>\n<!-- \/ Yoast SEO Premium plugin. -->","yoast_head_json":{"title":"Gy\u00f6k\u00e9rkezel\u00e9s \u2013 \u00cdgy mentheti meg fogait f\u00e1jdalommentesen | DNP Dental","description":"A gy\u00f6k\u00e9rkezel\u00e9s egy olyan fogmegtart\u00f3 elj\u00e1r\u00e1s, amely sor\u00e1n a fogb\u00e9l belsej\u00e9ben tal\u00e1lhat\u00f3 fert\u0151z\u00f6tt vagy elhalt fogb\u00e9lsz\u00f6vetet elt\u00e1vol\u00edtjuk, majd a gy\u00f6k\u00e9rcsatorn\u00e1t alaposan kitiszt\u00edtjuk \u00e9s speci\u00e1lis anyaggal lez\u00e1rjuk.","robots":{"index":"index","follow":"follow","max-snippet":"max-snippet:-1","max-image-preview":"max-image-preview:large","max-video-preview":"max-video-preview:-1"},"canonical":"https:\/\/dnpdental.hu\/ru\/gyokerkezeles-fajdalommentesen\/","og_locale":"ru_RU","og_type":"article","og_title":"Gy\u00f6k\u00e9rkezel\u00e9s \u2013 \u00cdgy mentheti meg fogait f\u00e1jdalommentesen","og_description":"A gy\u00f6k\u00e9rkezel\u00e9s egy olyan fogmegtart\u00f3 elj\u00e1r\u00e1s, amely sor\u00e1n a fogb\u00e9l belsej\u00e9ben tal\u00e1lhat\u00f3 fert\u0151z\u00f6tt vagy elhalt fogb\u00e9lsz\u00f6vetet elt\u00e1vol\u00edtjuk, majd a gy\u00f6k\u00e9rcsatorn\u00e1t alaposan kitiszt\u00edtjuk \u00e9s speci\u00e1lis anyaggal lez\u00e1rjuk.","og_url":"https:\/\/dnpdental.hu\/ru\/gyokerkezeles-fajdalommentesen\/","og_site_name":"DNP Dental","article_published_time":"2025-02-27T10:31:00+00:00","article_modified_time":"2025-11-07T11:01:23+00:00","og_image":[{"width":600,"height":400,"url":"https:\/\/dnpdental.hu\/wp-content\/uploads\/2025\/11\/6.webp","type":"image\/webp"}],"author":"admin","twitter_card":"summary_large_image","twitter_misc":{"\u041d\u0430\u043f\u0438\u0441\u0430\u043d\u043e \u0430\u0432\u0442\u043e\u0440\u043e\u043c":"admin","\u041f\u0440\u0438\u043c\u0435\u0440\u043d\u043e\u0435 \u0432\u0440\u0435\u043c\u044f \u0434\u043b\u044f \u0447\u0442\u0435\u043d\u0438\u044f":"6 \u043c\u0438\u043d\u0443\u0442"},"schema":{"@context":"https:\/\/schema.org","@graph":[{"@type":"Article","@id":"https:\/\/dnpdental.hu\/gyokerkezeles-fajdalommentesen\/#article","isPartOf":{"@id":"https:\/\/dnpdental.hu\/gyokerkezeles-fajdalommentesen\/"},"author":{"name":"admin","@id":"https:\/\/dnpdental.hu\/#\/schema\/person\/b5c18162ae13aaeb34c6370164d621e7"},"headline":"Gy\u00f6k\u00e9rkezel\u00e9s \u2013 \u00cdgy mentheti meg fogait f\u00e1jdalommentesen","datePublished":"2025-02-27T10:31:00+00:00","dateModified":"2025-11-07T11:01:23+00:00","mainEntityOfPage":{"@id":"https:\/\/dnpdental.hu\/gyokerkezeles-fajdalommentesen\/"},"wordCount":1562,"publisher":{"@id":"https:\/\/dnpdental.hu\/#organization"},"image":{"@id":"https:\/\/dnpdental.hu\/gyokerkezeles-fajdalommentesen\/#primaryimage"},"thumbnailUrl":"https:\/\/dnpdental.hu\/wp-content\/uploads\/2025\/11\/6.webp","articleSection":["Gy\u00f6k\u00e9rkezel\u00e9s"],"inLanguage":"ru-RU"},{"@type":"WebPage","@id":"https:\/\/dnpdental.hu\/gyokerkezeles-fajdalommentesen\/","url":"https:\/\/dnpdental.hu\/gyokerkezeles-fajdalommentesen\/","name":"Gy\u00f6k\u00e9rkezel\u00e9s \u2013 \u00cdgy mentheti meg fogait f\u00e1jdalommentesen | DNP Dental","isPartOf":{"@id":"https:\/\/dnpdental.hu\/#website"},"primaryImageOfPage":{"@id":"https:\/\/dnpdental.hu\/gyokerkezeles-fajdalommentesen\/#primaryimage"},"image":{"@id":"https:\/\/dnpdental.hu\/gyokerkezeles-fajdalommentesen\/#primaryimage"},"thumbnailUrl":"https:\/\/dnpdental.hu\/wp-content\/uploads\/2025\/11\/6.webp","datePublished":"2025-02-27T10:31:00+00:00","dateModified":"2025-11-07T11:01:23+00:00","description":"A gy\u00f6k\u00e9rkezel\u00e9s egy olyan fogmegtart\u00f3 elj\u00e1r\u00e1s, amely sor\u00e1n a fogb\u00e9l belsej\u00e9ben tal\u00e1lhat\u00f3 fert\u0151z\u00f6tt vagy elhalt fogb\u00e9lsz\u00f6vetet elt\u00e1vol\u00edtjuk, majd a gy\u00f6k\u00e9rcsatorn\u00e1t alaposan kitiszt\u00edtjuk \u00e9s speci\u00e1lis anyaggal lez\u00e1rjuk.","breadcrumb":{"@id":"https:\/\/dnpdental.hu\/gyokerkezeles-fajdalommentesen\/#breadcrumb"},"inLanguage":"ru-RU","potentialAction":[{"@type":"ReadAction","target":["https:\/\/dnpdental.hu\/gyokerkezeles-fajdalommentesen\/"]}]},{"@type":"ImageObject","inLanguage":"ru-RU","@id":"https:\/\/dnpdental.hu\/gyokerkezeles-fajdalommentesen\/#primaryimage","url":"https:\/\/dnpdental.hu\/wp-content\/uploads\/2025\/11\/6.webp","contentUrl":"https:\/\/dnpdental.hu\/wp-content\/uploads\/2025\/11\/6.webp","width":600,"height":400,"caption":"Gy\u00f6k\u00e9rkezel\u00e9s \u2013 \u00cdgy mentheti meg fogait f\u00e1jdalommentesen"},{"@type":"BreadcrumbList","@id":"https:\/\/dnpdental.hu\/gyokerkezeles-fajdalommentesen\/#breadcrumb","itemListElement":[{"@type":"ListItem","position":1,"name":"Kezd\u0151lap","item":"https:\/\/dnpdental.hu\/"},{"@type":"ListItem","position":2,"name":"Gy\u00f6k\u00e9rkezel\u00e9s \u2013 \u00cdgy mentheti meg fogait f\u00e1jdalommentesen"}]},{"@type":"WebSite","@id":"https:\/\/dnpdental.hu\/#website","url":"https:\/\/dnpdental.hu\/","name":"DNP Dental","description":"","publisher":{"@id":"https:\/\/dnpdental.hu\/#organization"},"potentialAction":[{"@type":"SearchAction","target":{"@type":"EntryPoint","urlTemplate":"https:\/\/dnpdental.hu\/?s={search_term_string}"},"query-input":{"@type":"PropertyValueSpecification","valueRequired":true,"valueName":"search_term_string"}}],"inLanguage":"ru-RU"},{"@type":"Organization","@id":"https:\/\/dnpdental.hu\/#organization","name":"DNP Dental","url":"https:\/\/dnpdental.hu\/","logo":{"@type":"ImageObject","inLanguage":"ru-RU","@id":"https:\/\/dnpdental.hu\/#\/schema\/logo\/image\/","url":"https:\/\/dnpdental.hu\/wp-content\/uploads\/2025\/11\/DNP-10_mini.webp","contentUrl":"https:\/\/dnpdental.hu\/wp-content\/uploads\/2025\/11\/DNP-10_mini.webp","width":420,"height":202,"caption":"DNP Dental"},"image":{"@id":"https:\/\/dnpdental.hu\/#\/schema\/logo\/image\/"}},{"@type":"Person","@id":"https:\/\/dnpdental.hu\/#\/schema\/person\/b5c18162ae13aaeb34c6370164d621e7","name":"admin","sameAs":["https:\/\/newsite.dnpdental.hu"],"url":"https:\/\/dnpdental.hu\/ru\/author\/admin_ogz6gh4z\/"}]}},"_links":{"self":[{"href":"https:\/\/dnpdental.hu\/ru\/wp-json\/wp\/v2\/posts\/1444","targetHints":{"allow":["GET"]}}],"collection":[{"href":"https:\/\/dnpdental.hu\/ru\/wp-json\/wp\/v2\/posts"}],"about":[{"href":"https:\/\/dnpdental.hu\/ru\/wp-json\/wp\/v2\/types\/post"}],"author":[{"embeddable":true,"href":"https:\/\/dnpdental.hu\/ru\/wp-json\/wp\/v2\/users\/1"}],"replies":[{"embeddable":true,"href":"https:\/\/dnpdental.hu\/ru\/wp-json\/wp\/v2\/comments?post=1444"}],"version-history":[{"count":4,"href":"https:\/\/dnpdental.hu\/ru\/wp-json\/wp\/v2\/posts\/1444\/revisions"}],"predecessor-version":[{"id":1525,"href":"https:\/\/dnpdental.hu\/ru\/wp-json\/wp\/v2\/posts\/1444\/revisions\/1525"}],"wp:featuredmedia":[{"embeddable":true,"href":"https:\/\/dnpdental.hu\/ru\/wp-json\/wp\/v2\/media\/1521"}],"wp:attachment":[{"href":"https:\/\/dnpdental.hu\/ru\/wp-json\/wp\/v2\/media?parent=1444"}],"wp:term":[{"taxonomy":"category","embeddable":true,"href":"https:\/\/dnpdental.hu\/ru\/wp-json\/wp\/v2\/categories?post=1444"},{"taxonomy":"post_tag","embeddable":true,"href":"https:\/\/dnpdental.hu\/ru\/wp-json\/wp\/v2\/tags?post=1444"}],"curies":[{"name":"wp","href":"https:\/\/api.w.org\/{rel}","templated":true}]}}