{"id":1448,"date":"2025-02-06T13:39:00","date_gmt":"2025-02-06T12:39:00","guid":{"rendered":"https:\/\/newsite.dnpdental.hu\/?p=1448"},"modified":"2025-11-07T11:35:37","modified_gmt":"2025-11-07T10:35:37","slug":"miert-veszelyes-a-felig-kibujt-bolcsessegfog","status":"publish","type":"post","link":"https:\/\/dnpdental.hu\/ru\/miert-veszelyes-a-felig-kibujt-bolcsessegfog\/","title":{"rendered":"Mi\u00e9rt vesz\u00e9lyes a f\u00e9lig kib\u00fajt b\u00f6lcsess\u00e9gfog?"},"content":{"rendered":"<div data-elementor-type=\"wp-post\" data-elementor-id=\"1448\" class=\"elementor elementor-1448\" data-elementor-post-type=\"post\">\n\t\t\t\t<div class=\"elementor-element elementor-element-687d824 e-flex e-con-boxed e-con e-parent\" data-id=\"687d824\" data-element_type=\"container\">\n\t\t\t\t\t<div class=\"e-con-inner\">\n\t\t<div class=\"elementor-element elementor-element-4b0b1c2 e-flex e-con-boxed e-con e-child\" data-id=\"4b0b1c2\" data-element_type=\"container\">\n\t\t\t\t\t<div class=\"e-con-inner\">\n\t\t\t\t<div class=\"elementor-element elementor-element-2c102e1 elementor-widget elementor-widget-heading\" data-id=\"2c102e1\" data-element_type=\"widget\" data-widget_type=\"heading.default\">\n\t\t\t\t\t<h1 class=\"elementor-heading-title elementor-size-default\">Mi\u00e9rt vesz\u00e9lyes a f\u00e9lig kib\u00fajt b\u00f6lcsess\u00e9gfog?<\/h1>\t\t\t\t<\/div>\n\t\t\t\t<div class=\"elementor-element elementor-element-738acc2 elementor-widget elementor-widget-text-editor\" data-id=\"738acc2\" data-element_type=\"widget\" data-widget_type=\"text-editor.default\">\n\t\t\t\t\t\t\t\t\t<p>A f\u00e9lig kib\u00fajt b\u00f6lcsess\u00e9gfog gyakran okoz probl\u00e9m\u00e1t, amely sokak \u00e9let\u00e9t megkeser\u00edtheti. Ez az \u00e1llapot akkor alakul ki, amikor a b\u00f6lcsess\u00e9gfog nem tud teljesen \u00e1tt\u00f6rni az \u00ednyen, \u00e9s r\u00e9szlegesen vagy ak\u00e1r teljesen elakadhat. A f\u00e9lig kib\u00fajt b\u00f6lcsess\u00e9gfog kezel\u00e9s hi\u00e1ny\u00e1ban k\u00f6nnyen fert\u0151z\u00e9shez, gyullad\u00e1sos \u00e1llapothoz vezethet. Cikk\u00fcnkben bemutatjuk, mi\u00e9rt \u00e9rdemes figyelmet ford\u00edtani erre a probl\u00e9m\u00e1ra, \u00e9s milyen kezel\u00e9si lehet\u0151s\u00e9gek \u00e1llnak rendelkez\u00e9sre.<\/p>\t\t\t\t\t\t\t\t<\/div>\n\t\t<div class=\"elementor-element elementor-element-85b741b e-con-full e-flex e-con e-child\" data-id=\"85b741b\" data-element_type=\"container\">\n\t\t<div class=\"elementor-element elementor-element-066077e e-con-full e-flex e-con e-child\" data-id=\"066077e\" data-element_type=\"container\">\n\t\t\t\t<div class=\"elementor-element elementor-element-72f45be elementor-widget elementor-widget-heading\" data-id=\"72f45be\" data-element_type=\"widget\" data-widget_type=\"heading.default\">\n\t\t\t\t\t<h2 class=\"elementor-heading-title elementor-size-default\">A f\u00e9lig kib\u00fajt b\u00f6lcsess\u00e9gfog anat\u00f3mi\u00e1ja \u00e9s kock\u00e1zatai<\/h2>\t\t\t\t<\/div>\n\t\t\t\t<div class=\"elementor-element elementor-element-e691652 elementor-widget elementor-widget-text-editor\" data-id=\"e691652\" data-element_type=\"widget\" data-widget_type=\"text-editor.default\">\n\t\t\t\t\t\t\t\t\t<p>Az impakt\u00e1lt, vagyis el\u0151 nem t\u00f6rt b\u00f6lcsess\u00e9gfog akkor alakul ki, amikor a sz\u00e1jban nincs elegend\u0151 hely a teljes kib\u00faj\u00e1hoz, ami k\u00fcl\u00f6nb\u00f6z\u0151 t\u00e9nyez\u0151k, p\u00e9ld\u00e1ul a sz\u0171k fog\u00edv vagy a helytelen n\u00f6veked\u00e9si ir\u00e1ny k\u00f6vetkezm\u00e9nye lehet. Ennek hat\u00e1s\u00e1ra a fog elakad, \u00e9s csak r\u00e9szlegesen k\u00e9pes \u00e1tt\u00f6rni az \u00ednyt, vagy olyan helyzetben marad, p\u00e9ld\u00e1ul fekv\u0151 poz\u00edci\u00f3ban, hogy nincs es\u00e9lye a teljes kib\u00faj\u00e1sra. Mivel a b\u00f6lcsess\u00e9gfog a sz\u00e1j h\u00e1ts\u00f3 r\u00e9sz\u00e9n helyezkedik el, tiszt\u00edt\u00e1sa gyakran kih\u00edv\u00e1st jelent, ami jelent\u0151sen fokozza a szuvasod\u00e1s kialakul\u00e1s\u00e1nak kock\u00e1zat\u00e1t. Az impakt\u00e1lt fog k\u00f6r\u00fcl ciszta alakulhat ki, ami tov\u00e1bbi s\u00falyos sz\u00f6v\u0151dm\u00e9nyekhez vezethet. A b\u00f6lcsess\u00e9gfog okozta leggyakoribb t\u00fcnetek k\u00f6z\u00e9 tartozik a f\u00e1jdalom, a sz\u00e1jnyit\u00e1si neh\u00e9zs\u00e9gek, \u00e9s a ny\u00e1lkah\u00e1rtya-gyullad\u00e1s, de gyakori a duzzanat, valamint a kellemetlen sz\u00e1j\u00edz is.<\/p>\t\t\t\t\t\t\t\t<\/div>\n\t\t\t\t<\/div>\n\t\t<div class=\"elementor-element elementor-element-8944a4a e-con-full e-flex e-con e-child\" data-id=\"8944a4a\" data-element_type=\"container\">\n\t\t\t\t<div class=\"elementor-element elementor-element-ffcdb06 elementor-widget elementor-widget-image\" data-id=\"ffcdb06\" data-element_type=\"widget\" data-widget_type=\"image.default\">\n\t\t\t\t\t\t\t\t\t\t\t\t\t\t\t<img fetchpriority=\"high\" decoding=\"async\" width=\"855\" height=\"684\" src=\"https:\/\/dnpdental.hu\/wp-content\/uploads\/2025\/02\/felig_kibujt_bolcsessegfog.webp\" class=\"attachment-large size-large wp-image-1508\" alt=\"Mi\u00e9rt vesz\u00e9lyes a f\u00e9lig kib\u00fajt b\u00f6lcsess\u00e9gfog?\" srcset=\"https:\/\/dnpdental.hu\/wp-content\/uploads\/2025\/02\/felig_kibujt_bolcsessegfog.webp 1000w, https:\/\/dnpdental.hu\/wp-content\/uploads\/2025\/02\/felig_kibujt_bolcsessegfog-300x240.webp 300w, https:\/\/dnpdental.hu\/wp-content\/uploads\/2025\/02\/felig_kibujt_bolcsessegfog-768x614.webp 768w, https:\/\/dnpdental.hu\/wp-content\/uploads\/2025\/02\/felig_kibujt_bolcsessegfog-15x12.webp 15w\" sizes=\"(max-width: 855px) 100vw, 855px\" \/>\t\t\t\t\t\t\t\t\t\t\t\t\t\t\t<\/div>\n\t\t\t\t<\/div>\n\t\t\t\t<\/div>\n\t\t\t\t<div class=\"elementor-element elementor-element-447db86 elementor-widget elementor-widget-heading\" data-id=\"447db86\" data-element_type=\"widget\" data-widget_type=\"heading.default\">\n\t\t\t\t\t<h2 class=\"elementor-heading-title elementor-size-default\">A f\u00e9lig kib\u00fajt b\u00f6lcsess\u00e9gfog k\u00f6r\u00fcli gyullad\u00e1s<\/h2>\t\t\t\t<\/div>\n\t\t\t\t<div class=\"elementor-element elementor-element-11b03d5 elementor-widget elementor-widget-text-editor\" data-id=\"11b03d5\" data-element_type=\"widget\" data-widget_type=\"text-editor.default\">\n\t\t\t\t\t\t\t\t\t<p>Amikor a b\u00f6lcsess\u00e9gfog csak r\u00e9szlegesen t\u00f6rti \u00e1t az \u00ednyt, gyakran egy \u00ednylebeny marad felette, amely al\u00e1 k\u00f6nnyen \u00e9telmarad\u00e9kok \u00e9s bakt\u00e9riumok jutnak, amiket a szok\u00e1sos fogmos\u00e1s \u00e9s \u00f6bl\u00f6get\u00e9s nem k\u00e9pes teljes m\u00e9rt\u00e9kben elt\u00e1vol\u00edtani. Ennek k\u00f6vetkezm\u00e9nyek\u00e9nt a ter\u00fclet tiszt\u00edt\u00e1sa nehezebb\u00e9 v\u00e1lik, \u00e9s a felhalmoz\u00f3dott bakt\u00e9riumok gyorsan szuvasod\u00e1st, illetve gyullad\u00e1st okozhatnak. \u00cdgy alakul ki a pericoronitis, vagyis a f\u00e9lig kib\u00fajt b\u00f6lcsess\u00e9gfog k\u00f6r\u00fcli gyullad\u00e1s. Ez az \u00e1llapot f\u00e1jdalommal, sz\u00e1jnyit\u00e1si neh\u00e9zs\u00e9ggel \u00e9s \u00ednyv\u00e9rz\u00e9ssel j\u00e1rhat. Emellett nemcsak az \u00e9rintett b\u00f6lcsess\u00e9gfog k\u00f6r\u00fcli sz\u00f6vetekre, hanem a szomsz\u00e9dos fogakra is hat\u00e1ssal lehet, hiszen a gyullad\u00e1s k\u00e1ros\u00edthatja azok \u00e1llapot\u00e1t. A gyulladt \u00e1llapot miatt megn\u00f6vekedhet a tov\u00e1bbi fert\u0151z\u00e9s kock\u00e1zata, amely az \u00e1llkapocs m\u00e9lyebb r\u00e9szeire is \u00e1tterjedhet \u00e9s s\u00falyosabb sz\u00f6v\u0151dm\u00e9nyekhez vezethet.<\/p>\t\t\t\t\t\t\t\t<\/div>\n\t\t\t\t<div class=\"elementor-element elementor-element-b30c7a0 elementor-widget elementor-widget-heading\" data-id=\"b30c7a0\" data-element_type=\"widget\" data-widget_type=\"heading.default\">\n\t\t\t\t\t<h2 class=\"elementor-heading-title elementor-size-default\">Mi t\u00f6rt\u00e9nik, ha a probl\u00e9m\u00e1t nem kezelik?\n<\/h2>\t\t\t\t<\/div>\n\t\t\t\t<div class=\"elementor-element elementor-element-a167a16 elementor-widget elementor-widget-text-editor\" data-id=\"a167a16\" data-element_type=\"widget\" data-widget_type=\"text-editor.default\">\n\t\t\t\t\t\t\t\t\t<p>Ha a f\u00e9lig kib\u00fajt b\u00f6lcsess\u00e9gfog probl\u00e9m\u00e1j\u00e1t nem kezelik, hossz\u00fa t\u00e1von jelent\u0151s k\u00f6vetkezm\u00e9nyekkel kell sz\u00e1molni. A fog, amely nem k\u00e9pes teljesen el\u0151t\u00f6rni, az el\u0151tte l\u00e9v\u0151 fogaknak nekifesz\u00fclve torl\u00f3d\u00e1st okozhat, amit k\u00e9s\u0151bb m\u00e1r csak fogszab\u00e1lyoz\u00e1ssal lehet orvosolni. Ezen k\u00edv\u00fcl folyamatosan n\u00f6vekv\u0151 ciszta alakulhat ki a fog k\u00f6r\u00fcl, amely az \u00e1llcsontok csontfelsz\u00edv\u00f3d\u00e1s\u00e1t id\u00e9zheti el\u0151. Ez tov\u00e1bbi sz\u00f6v\u0151dm\u00e9nyekhez vezethet, mint p\u00e9ld\u00e1ul a szomsz\u00e9dos fogak gy\u00f6k\u00e9rfelsz\u00edv\u00f3d\u00e1sa, \u00e1llcsontgyullad\u00e1s, t\u00e1lyogk\u00e9pz\u0151d\u00e9s \u00e9s g\u00f3cbetegs\u00e9g. A g\u00f3cos gyullad\u00e1s s\u00falyos fert\u0151z\u00e9seket \u00e9s \u00e1ltal\u00e1nos eg\u00e9szs\u00e9gi probl\u00e9m\u00e1kat is okozhat, mint p\u00e9ld\u00e1ul hajhull\u00e1s, \u00edz\u00fcleti f\u00e1jdalmak \u00e9s b\u0151rprobl\u00e9m\u00e1k. Emellett a kezeletlen b\u00f6lcsess\u00e9gfog jelent\u0151sen befoly\u00e1solhatja a mindennapi \u00e9letmin\u0151s\u00e9get, f\u00e1jdalmat, \u00e9tkez\u00e9si neh\u00e9zs\u00e9geket \u00e9s sz\u00e1jnyit\u00e1si korl\u00e1tozotts\u00e1got okozva.<\/p>\t\t\t\t\t\t\t\t<\/div>\n\t\t\t\t<div class=\"elementor-element elementor-element-f551690 elementor-widget elementor-widget-heading\" data-id=\"f551690\" data-element_type=\"widget\" data-widget_type=\"heading.default\">\n\t\t\t\t\t<h2 class=\"elementor-heading-title elementor-size-default\">Hogyan kezelhet\u0151 a f\u00e9lig kib\u00fajt b\u00f6lcsess\u00e9gfog?<\/h2>\t\t\t\t<\/div>\n\t\t\t\t<div class=\"elementor-element elementor-element-1c0d984 elementor-widget elementor-widget-text-editor\" data-id=\"1c0d984\" data-element_type=\"widget\" data-widget_type=\"text-editor.default\">\n\t\t\t\t\t\t\t\t\t<p>Budapesti 11. ker\u00fcleti fogorvosi rendel\u0151nkben modern diagnosztikai eszk\u00f6z\u00f6kkel, p\u00e9ld\u00e1ul r\u00f6ntgen- \u00e9s CT-vizsg\u00e1latokkal pontosan meghat\u00e1rozzuk a fog helyzet\u00e9t \u00e9s az \u00e1llapot s\u00falyoss\u00e1g\u00e1t. A kezel\u00e9si lehet\u0151s\u00e9gek k\u00f6z\u00f6tt szerepelnek konzervat\u00edv megold\u00e1sok, mint a fog k\u00f6r\u00fcli ter\u00fclet alapos tiszt\u00edt\u00e1sa, gyullad\u00e1scs\u00f6kkent\u0151 szerek alkalmaz\u00e1sa, valamint antibiotikumok, amelyek seg\u00edtenek a fert\u0151z\u00e9s kezel\u00e9s\u00e9ben.<\/p><p>Ha a konzervat\u00edv kezel\u00e9sek nem bizonyulnak elegend\u0151nek, \u00e9s a r\u00f6ntgenvizsg\u00e1lat alapj\u00e1n a fog nem tud el\u0151t\u00f6rni, a komolyabb sz\u00f6v\u0151dm\u00e9nyek elker\u00fcl\u00e9s\u00e9nek \u00e9rdek\u00e9ben seb\u00e9szeti beavatkoz\u00e1sra lehet sz\u00fcks\u00e9g. A\u00a0<a href=\"https:\/\/dnpdental.hu\/ru\/blog\/bolcsessegfog-huzas-es-mutet\/\">b\u00f6lcsess\u00e9gfog elt\u00e1vol\u00edt\u00e1sa<\/a>\u00a0gyakori elj\u00e1r\u00e1s, amely megel\u0151zi a tov\u00e1bbi probl\u00e9m\u00e1k kialakul\u00e1s\u00e1t. A beavatkoz\u00e1s f\u00e1jdalommentes, helyi \u00e9rz\u00e9stelen\u00edt\u00e9sben zajlik. Budapesten a 11 ker\u00fcletben l\u00e9v\u0151 fog\u00e1szati rendel\u0151nk kiv\u00e1l\u00f3 sz\u00e1jseb\u00e9sz szakorvosai garant\u00e1lj\u00e1k az elj\u00e1r\u00e1s sikeress\u00e9g\u00e9t. Sz\u00e1jseb\u00e9szeti m\u0171t\u00e9t ut\u00e1n, az ut\u00f3gondoz\u00e1shoz sz\u00fcks\u00e9ges gy\u00f3gyszercsomagot biztos\u00edtunk minden p\u00e1ciens\u00fcnk r\u00e9sz\u00e9re a panaszmentes, gyors gy\u00f3gyul\u00e1s \u00e9rdek\u00e9ben.<\/p><p>\u00c9rdemes min\u00e9l el\u0151bb szakemberhez fordulni, m\u00e9g akkor is, ha jelenleg nincs panasz. A korai kivizsg\u00e1l\u00e1s lehet\u0151s\u00e9get ad arra, hogy megel\u0151zz\u00fck a k\u00e9s\u0151bbi probl\u00e9m\u00e1k \u00e9s sz\u00f6v\u0151dm\u00e9nyek kialakul\u00e1s\u00e1t, biztos\u00edtva ezzel a fogak hossz\u00fa t\u00e1v\u00fa eg\u00e9szs\u00e9g\u00e9t. A szak\u00e9rt\u0151i v\u00e9lem\u00e9ny seg\u00edt meghat\u00e1rozni a legmegfelel\u0151bb kezel\u00e9si tervet, hogy elker\u00fclj\u00fck a f\u00e1jdalmat \u00e9s a komplexebb beavatkoz\u00e1sok sz\u00fcks\u00e9gess\u00e9g\u00e9t.<\/p>\t\t\t\t\t\t\t\t<\/div>\n\t\t\t\t<div class=\"elementor-element elementor-element-facded6 elementor-widget elementor-widget-text-editor\" data-id=\"facded6\" data-element_type=\"widget\" data-widget_type=\"text-editor.default\">\n\t\t\t\t\t\t\t\t\t<p><strong>Mondjon b\u00facs\u00fat b\u00f6lcsess\u00e9gfogainak az eg\u00e9szs\u00e9ges fogazat \u00e9rdek\u00e9ben!<\/strong><\/p><p>Ne hagyja, hogy a b\u00f6lcsess\u00e9gfog gyullad\u00e1sa \u00e9s helyzete megkeser\u00edtse mindennapjait! Forduljon bizalommal a DNP Dental szak\u00e9rt\u0151 csapat\u00e1hoz, a f\u00e1jdalommentes \u00e9s gyors kezel\u00e9s\u00e9rt.<\/p><p class=\"translation-block\"><u><strong>C\u00edm:<\/strong><\/u>&nbsp;1115 Budapest, Bart\u00f3k B\u00e9la \u00fat 92-94., Els\u0151 emelet<\/p><p><u><strong>\u0422\u0435\u043b\u0435\u0444\u043e\u043d<\/strong><\/u>\u00a0+36 70 613 6646<\/p><p><u><strong>E-mail:<\/strong><\/u>\u00a0rendelo@dnpdental.hu<\/p>\t\t\t\t\t\t\t\t<\/div>\n\t\t\t\t<div class=\"elementor-element elementor-element-d418b44 elementor-align-center elementor-widget elementor-widget-button\" data-id=\"d418b44\" data-element_type=\"widget\" data-widget_type=\"button.default\">\n\t\t\t\t\t\t\t\t\t\t<a class=\"elementor-button elementor-button-link elementor-size-sm\" href=\"\/ru\/idopontfoglalas\/\">\n\t\t\t\t\t\t<span class=\"elementor-button-content-wrapper\">\n\t\t\t\t\t\t\t\t\t<span class=\"elementor-button-text\">\u0423\u0437\u043d\u0430\u0442\u044c \u043f\u043e\u0434\u0440\u043e\u0431\u043d\u0435\u0435<\/span>\n\t\t\t\t\t<\/span>\n\t\t\t\t\t<\/a>\n\t\t\t\t\t\t\t\t<\/div>\n\t\t\t\t\t<\/div>\n\t\t\t\t<\/div>\n\t\t\t\t\t<\/div>\n\t\t\t\t<\/div>\n\t\t\t\t<\/div>","protected":false},"excerpt":{"rendered":"<p>A f\u00e9lig kib\u00fajt b\u00f6lcsess\u00e9gfog gyakran okoz probl\u00e9m\u00e1t, amely sokak \u00e9let\u00e9t megkeser\u00edtheti. Ez az \u00e1llapot akkor alakul ki, amikor a b\u00f6lcsess\u00e9gfog nem tud teljesen \u00e1tt\u00f6rni az \u00ednyen, \u00e9s r\u00e9szlegesen vagy ak\u00e1r teljesen elakadhat.<\/p>","protected":false},"author":1,"featured_media":1508,"comment_status":"closed","ping_status":"closed","sticky":false,"template":"elementor_header_footer","format":"standard","meta":{"footnotes":""},"categories":[18],"tags":[],"class_list":["post-1448","post","type-post","status-publish","format-standard","has-post-thumbnail","hentry","category-bolcsessegfog"],"yoast_head":"<!-- This site is optimized with the Yoast SEO Premium plugin v26.2 (Yoast SEO v26.5) - https:\/\/yoast.com\/wordpress\/plugins\/seo\/ -->\n<title>Mi\u00e9rt vesz\u00e9lyes a f\u00e9lig kib\u00fajt b\u00f6lcsess\u00e9gfog? | DNP Dental<\/title>\n<meta name=\"description\" content=\"A f\u00e9lig kib\u00fajt b\u00f6lcsess\u00e9gfog gyullad\u00e1st, f\u00e1jdalmat \u00e9s s\u00falyos sz\u00f6v\u0151dm\u00e9nyeket okozhat. Id\u0151ben t\u00f6rt\u00e9n\u0151 kezel\u00e9ssel ezek megel\u0151zhet\u0151k.\" \/>\n<meta name=\"robots\" content=\"index, follow, max-snippet:-1, max-image-preview:large, max-video-preview:-1\" \/>\n<link rel=\"canonical\" href=\"https:\/\/dnpdental.hu\/ru\/miert-veszelyes-a-felig-kibujt-bolcsessegfog\/\" \/>\n<meta property=\"og:locale\" content=\"ru_RU\" \/>\n<meta property=\"og:type\" content=\"article\" \/>\n<meta property=\"og:title\" content=\"Mi\u00e9rt vesz\u00e9lyes a f\u00e9lig kib\u00fajt b\u00f6lcsess\u00e9gfog?\" \/>\n<meta property=\"og:description\" content=\"A f\u00e9lig kib\u00fajt b\u00f6lcsess\u00e9gfog gyullad\u00e1st, f\u00e1jdalmat \u00e9s s\u00falyos sz\u00f6v\u0151dm\u00e9nyeket okozhat. Id\u0151ben t\u00f6rt\u00e9n\u0151 kezel\u00e9ssel ezek megel\u0151zhet\u0151k.\" \/>\n<meta property=\"og:url\" content=\"https:\/\/dnpdental.hu\/ru\/miert-veszelyes-a-felig-kibujt-bolcsessegfog\/\" \/>\n<meta property=\"og:site_name\" content=\"DNP Dental\" \/>\n<meta property=\"article:published_time\" content=\"2025-02-06T12:39:00+00:00\" \/>\n<meta property=\"article:modified_time\" content=\"2025-11-07T10:35:37+00:00\" \/>\n<meta property=\"og:image\" content=\"https:\/\/dnpdental.hu\/wp-content\/uploads\/2025\/02\/felig_kibujt_bolcsessegfog.webp\" \/>\n\t<meta property=\"og:image:width\" content=\"1000\" \/>\n\t<meta property=\"og:image:height\" content=\"800\" \/>\n\t<meta property=\"og:image:type\" content=\"image\/webp\" \/>\n<meta name=\"author\" content=\"admin\" \/>\n<meta name=\"twitter:card\" content=\"summary_large_image\" \/>\n<meta name=\"twitter:label1\" content=\"\u041d\u0430\u043f\u0438\u0441\u0430\u043d\u043e \u0430\u0432\u0442\u043e\u0440\u043e\u043c\" \/>\n\t<meta name=\"twitter:data1\" content=\"admin\" \/>\n\t<meta name=\"twitter:label2\" content=\"\u041f\u0440\u0438\u043c\u0435\u0440\u043d\u043e\u0435 \u0432\u0440\u0435\u043c\u044f \u0434\u043b\u044f \u0447\u0442\u0435\u043d\u0438\u044f\" \/>\n\t<meta name=\"twitter:data2\" content=\"4 \u043c\u0438\u043d\u0443\u0442\u044b\" \/>\n<script type=\"application\/ld+json\" class=\"yoast-schema-graph\">{\"@context\":\"https:\/\/schema.org\",\"@graph\":[{\"@type\":\"Article\",\"@id\":\"https:\/\/dnpdental.hu\/miert-veszelyes-a-felig-kibujt-bolcsessegfog\/#article\",\"isPartOf\":{\"@id\":\"https:\/\/dnpdental.hu\/miert-veszelyes-a-felig-kibujt-bolcsessegfog\/\"},\"author\":{\"name\":\"admin\",\"@id\":\"https:\/\/dnpdental.hu\/#\/schema\/person\/b5c18162ae13aaeb34c6370164d621e7\"},\"headline\":\"Mi\u00e9rt vesz\u00e9lyes a f\u00e9lig kib\u00fajt b\u00f6lcsess\u00e9gfog?\",\"datePublished\":\"2025-02-06T12:39:00+00:00\",\"dateModified\":\"2025-11-07T10:35:37+00:00\",\"mainEntityOfPage\":{\"@id\":\"https:\/\/dnpdental.hu\/miert-veszelyes-a-felig-kibujt-bolcsessegfog\/\"},\"wordCount\":1076,\"publisher\":{\"@id\":\"https:\/\/dnpdental.hu\/#organization\"},\"image\":{\"@id\":\"https:\/\/dnpdental.hu\/miert-veszelyes-a-felig-kibujt-bolcsessegfog\/#primaryimage\"},\"thumbnailUrl\":\"https:\/\/dnpdental.hu\/wp-content\/uploads\/2025\/02\/felig_kibujt_bolcsessegfog.webp\",\"articleSection\":[\"B\u00f6lcsess\u00e9gfog\"],\"inLanguage\":\"ru-RU\"},{\"@type\":\"WebPage\",\"@id\":\"https:\/\/dnpdental.hu\/miert-veszelyes-a-felig-kibujt-bolcsessegfog\/\",\"url\":\"https:\/\/dnpdental.hu\/miert-veszelyes-a-felig-kibujt-bolcsessegfog\/\",\"name\":\"Mi\u00e9rt vesz\u00e9lyes a f\u00e9lig kib\u00fajt b\u00f6lcsess\u00e9gfog? | DNP Dental\",\"isPartOf\":{\"@id\":\"https:\/\/dnpdental.hu\/#website\"},\"primaryImageOfPage\":{\"@id\":\"https:\/\/dnpdental.hu\/miert-veszelyes-a-felig-kibujt-bolcsessegfog\/#primaryimage\"},\"image\":{\"@id\":\"https:\/\/dnpdental.hu\/miert-veszelyes-a-felig-kibujt-bolcsessegfog\/#primaryimage\"},\"thumbnailUrl\":\"https:\/\/dnpdental.hu\/wp-content\/uploads\/2025\/02\/felig_kibujt_bolcsessegfog.webp\",\"datePublished\":\"2025-02-06T12:39:00+00:00\",\"dateModified\":\"2025-11-07T10:35:37+00:00\",\"description\":\"A f\u00e9lig kib\u00fajt b\u00f6lcsess\u00e9gfog gyullad\u00e1st, f\u00e1jdalmat \u00e9s s\u00falyos sz\u00f6v\u0151dm\u00e9nyeket okozhat. Id\u0151ben t\u00f6rt\u00e9n\u0151 kezel\u00e9ssel ezek megel\u0151zhet\u0151k.\",\"breadcrumb\":{\"@id\":\"https:\/\/dnpdental.hu\/miert-veszelyes-a-felig-kibujt-bolcsessegfog\/#breadcrumb\"},\"inLanguage\":\"ru-RU\",\"potentialAction\":[{\"@type\":\"ReadAction\",\"target\":[\"https:\/\/dnpdental.hu\/miert-veszelyes-a-felig-kibujt-bolcsessegfog\/\"]}]},{\"@type\":\"ImageObject\",\"inLanguage\":\"ru-RU\",\"@id\":\"https:\/\/dnpdental.hu\/miert-veszelyes-a-felig-kibujt-bolcsessegfog\/#primaryimage\",\"url\":\"https:\/\/dnpdental.hu\/wp-content\/uploads\/2025\/02\/felig_kibujt_bolcsessegfog.webp\",\"contentUrl\":\"https:\/\/dnpdental.hu\/wp-content\/uploads\/2025\/02\/felig_kibujt_bolcsessegfog.webp\",\"width\":1000,\"height\":800,\"caption\":\"Mi\u00e9rt vesz\u00e9lyes a f\u00e9lig kib\u00fajt b\u00f6lcsess\u00e9gfog?\"},{\"@type\":\"BreadcrumbList\",\"@id\":\"https:\/\/dnpdental.hu\/miert-veszelyes-a-felig-kibujt-bolcsessegfog\/#breadcrumb\",\"itemListElement\":[{\"@type\":\"ListItem\",\"position\":1,\"name\":\"Kezd\u0151lap\",\"item\":\"https:\/\/dnpdental.hu\/\"},{\"@type\":\"ListItem\",\"position\":2,\"name\":\"Mi\u00e9rt vesz\u00e9lyes a f\u00e9lig kib\u00fajt b\u00f6lcsess\u00e9gfog?\"}]},{\"@type\":\"WebSite\",\"@id\":\"https:\/\/dnpdental.hu\/#website\",\"url\":\"https:\/\/dnpdental.hu\/\",\"name\":\"DNP Dental\",\"description\":\"\",\"publisher\":{\"@id\":\"https:\/\/dnpdental.hu\/#organization\"},\"potentialAction\":[{\"@type\":\"SearchAction\",\"target\":{\"@type\":\"EntryPoint\",\"urlTemplate\":\"https:\/\/dnpdental.hu\/?s={search_term_string}\"},\"query-input\":{\"@type\":\"PropertyValueSpecification\",\"valueRequired\":true,\"valueName\":\"search_term_string\"}}],\"inLanguage\":\"ru-RU\"},{\"@type\":\"Organization\",\"@id\":\"https:\/\/dnpdental.hu\/#organization\",\"name\":\"DNP Dental\",\"url\":\"https:\/\/dnpdental.hu\/\",\"logo\":{\"@type\":\"ImageObject\",\"inLanguage\":\"ru-RU\",\"@id\":\"https:\/\/dnpdental.hu\/#\/schema\/logo\/image\/\",\"url\":\"https:\/\/dnpdental.hu\/wp-content\/uploads\/2025\/11\/DNP-10_mini.webp\",\"contentUrl\":\"https:\/\/dnpdental.hu\/wp-content\/uploads\/2025\/11\/DNP-10_mini.webp\",\"width\":420,\"height\":202,\"caption\":\"DNP Dental\"},\"image\":{\"@id\":\"https:\/\/dnpdental.hu\/#\/schema\/logo\/image\/\"}},{\"@type\":\"Person\",\"@id\":\"https:\/\/dnpdental.hu\/#\/schema\/person\/b5c18162ae13aaeb34c6370164d621e7\",\"name\":\"admin\",\"sameAs\":[\"https:\/\/newsite.dnpdental.hu\"],\"url\":\"https:\/\/dnpdental.hu\/ru\/author\/admin_ogz6gh4z\/\"}]}<\/script>\n<!-- \/ Yoast SEO Premium plugin. -->","yoast_head_json":{"title":"Mi\u00e9rt vesz\u00e9lyes a f\u00e9lig kib\u00fajt b\u00f6lcsess\u00e9gfog? | DNP Dental","description":"A f\u00e9lig kib\u00fajt b\u00f6lcsess\u00e9gfog gyullad\u00e1st, f\u00e1jdalmat \u00e9s s\u00falyos sz\u00f6v\u0151dm\u00e9nyeket okozhat. Id\u0151ben t\u00f6rt\u00e9n\u0151 kezel\u00e9ssel ezek megel\u0151zhet\u0151k.","robots":{"index":"index","follow":"follow","max-snippet":"max-snippet:-1","max-image-preview":"max-image-preview:large","max-video-preview":"max-video-preview:-1"},"canonical":"https:\/\/dnpdental.hu\/ru\/miert-veszelyes-a-felig-kibujt-bolcsessegfog\/","og_locale":"ru_RU","og_type":"article","og_title":"Mi\u00e9rt vesz\u00e9lyes a f\u00e9lig kib\u00fajt b\u00f6lcsess\u00e9gfog?","og_description":"A f\u00e9lig kib\u00fajt b\u00f6lcsess\u00e9gfog gyullad\u00e1st, f\u00e1jdalmat \u00e9s s\u00falyos sz\u00f6v\u0151dm\u00e9nyeket okozhat. Id\u0151ben t\u00f6rt\u00e9n\u0151 kezel\u00e9ssel ezek megel\u0151zhet\u0151k.","og_url":"https:\/\/dnpdental.hu\/ru\/miert-veszelyes-a-felig-kibujt-bolcsessegfog\/","og_site_name":"DNP Dental","article_published_time":"2025-02-06T12:39:00+00:00","article_modified_time":"2025-11-07T10:35:37+00:00","og_image":[{"width":1000,"height":800,"url":"https:\/\/dnpdental.hu\/wp-content\/uploads\/2025\/02\/felig_kibujt_bolcsessegfog.webp","type":"image\/webp"}],"author":"admin","twitter_card":"summary_large_image","twitter_misc":{"\u041d\u0430\u043f\u0438\u0441\u0430\u043d\u043e \u0430\u0432\u0442\u043e\u0440\u043e\u043c":"admin","\u041f\u0440\u0438\u043c\u0435\u0440\u043d\u043e\u0435 \u0432\u0440\u0435\u043c\u044f \u0434\u043b\u044f \u0447\u0442\u0435\u043d\u0438\u044f":"4 \u043c\u0438\u043d\u0443\u0442\u044b"},"schema":{"@context":"https:\/\/schema.org","@graph":[{"@type":"Article","@id":"https:\/\/dnpdental.hu\/miert-veszelyes-a-felig-kibujt-bolcsessegfog\/#article","isPartOf":{"@id":"https:\/\/dnpdental.hu\/miert-veszelyes-a-felig-kibujt-bolcsessegfog\/"},"author":{"name":"admin","@id":"https:\/\/dnpdental.hu\/#\/schema\/person\/b5c18162ae13aaeb34c6370164d621e7"},"headline":"Mi\u00e9rt vesz\u00e9lyes a f\u00e9lig kib\u00fajt b\u00f6lcsess\u00e9gfog?","datePublished":"2025-02-06T12:39:00+00:00","dateModified":"2025-11-07T10:35:37+00:00","mainEntityOfPage":{"@id":"https:\/\/dnpdental.hu\/miert-veszelyes-a-felig-kibujt-bolcsessegfog\/"},"wordCount":1076,"publisher":{"@id":"https:\/\/dnpdental.hu\/#organization"},"image":{"@id":"https:\/\/dnpdental.hu\/miert-veszelyes-a-felig-kibujt-bolcsessegfog\/#primaryimage"},"thumbnailUrl":"https:\/\/dnpdental.hu\/wp-content\/uploads\/2025\/02\/felig_kibujt_bolcsessegfog.webp","articleSection":["B\u00f6lcsess\u00e9gfog"],"inLanguage":"ru-RU"},{"@type":"WebPage","@id":"https:\/\/dnpdental.hu\/miert-veszelyes-a-felig-kibujt-bolcsessegfog\/","url":"https:\/\/dnpdental.hu\/miert-veszelyes-a-felig-kibujt-bolcsessegfog\/","name":"Mi\u00e9rt vesz\u00e9lyes a f\u00e9lig kib\u00fajt b\u00f6lcsess\u00e9gfog? | DNP Dental","isPartOf":{"@id":"https:\/\/dnpdental.hu\/#website"},"primaryImageOfPage":{"@id":"https:\/\/dnpdental.hu\/miert-veszelyes-a-felig-kibujt-bolcsessegfog\/#primaryimage"},"image":{"@id":"https:\/\/dnpdental.hu\/miert-veszelyes-a-felig-kibujt-bolcsessegfog\/#primaryimage"},"thumbnailUrl":"https:\/\/dnpdental.hu\/wp-content\/uploads\/2025\/02\/felig_kibujt_bolcsessegfog.webp","datePublished":"2025-02-06T12:39:00+00:00","dateModified":"2025-11-07T10:35:37+00:00","description":"A f\u00e9lig kib\u00fajt b\u00f6lcsess\u00e9gfog gyullad\u00e1st, f\u00e1jdalmat \u00e9s s\u00falyos sz\u00f6v\u0151dm\u00e9nyeket okozhat. Id\u0151ben t\u00f6rt\u00e9n\u0151 kezel\u00e9ssel ezek megel\u0151zhet\u0151k.","breadcrumb":{"@id":"https:\/\/dnpdental.hu\/miert-veszelyes-a-felig-kibujt-bolcsessegfog\/#breadcrumb"},"inLanguage":"ru-RU","potentialAction":[{"@type":"ReadAction","target":["https:\/\/dnpdental.hu\/miert-veszelyes-a-felig-kibujt-bolcsessegfog\/"]}]},{"@type":"ImageObject","inLanguage":"ru-RU","@id":"https:\/\/dnpdental.hu\/miert-veszelyes-a-felig-kibujt-bolcsessegfog\/#primaryimage","url":"https:\/\/dnpdental.hu\/wp-content\/uploads\/2025\/02\/felig_kibujt_bolcsessegfog.webp","contentUrl":"https:\/\/dnpdental.hu\/wp-content\/uploads\/2025\/02\/felig_kibujt_bolcsessegfog.webp","width":1000,"height":800,"caption":"Mi\u00e9rt vesz\u00e9lyes a f\u00e9lig kib\u00fajt b\u00f6lcsess\u00e9gfog?"},{"@type":"BreadcrumbList","@id":"https:\/\/dnpdental.hu\/miert-veszelyes-a-felig-kibujt-bolcsessegfog\/#breadcrumb","itemListElement":[{"@type":"ListItem","position":1,"name":"Kezd\u0151lap","item":"https:\/\/dnpdental.hu\/"},{"@type":"ListItem","position":2,"name":"Mi\u00e9rt vesz\u00e9lyes a f\u00e9lig kib\u00fajt b\u00f6lcsess\u00e9gfog?"}]},{"@type":"WebSite","@id":"https:\/\/dnpdental.hu\/#website","url":"https:\/\/dnpdental.hu\/","name":"DNP Dental","description":"","publisher":{"@id":"https:\/\/dnpdental.hu\/#organization"},"potentialAction":[{"@type":"SearchAction","target":{"@type":"EntryPoint","urlTemplate":"https:\/\/dnpdental.hu\/?s={search_term_string}"},"query-input":{"@type":"PropertyValueSpecification","valueRequired":true,"valueName":"search_term_string"}}],"inLanguage":"ru-RU"},{"@type":"Organization","@id":"https:\/\/dnpdental.hu\/#organization","name":"DNP Dental","url":"https:\/\/dnpdental.hu\/","logo":{"@type":"ImageObject","inLanguage":"ru-RU","@id":"https:\/\/dnpdental.hu\/#\/schema\/logo\/image\/","url":"https:\/\/dnpdental.hu\/wp-content\/uploads\/2025\/11\/DNP-10_mini.webp","contentUrl":"https:\/\/dnpdental.hu\/wp-content\/uploads\/2025\/11\/DNP-10_mini.webp","width":420,"height":202,"caption":"DNP Dental"},"image":{"@id":"https:\/\/dnpdental.hu\/#\/schema\/logo\/image\/"}},{"@type":"Person","@id":"https:\/\/dnpdental.hu\/#\/schema\/person\/b5c18162ae13aaeb34c6370164d621e7","name":"admin","sameAs":["https:\/\/newsite.dnpdental.hu"],"url":"https:\/\/dnpdental.hu\/ru\/author\/admin_ogz6gh4z\/"}]}},"_links":{"self":[{"href":"https:\/\/dnpdental.hu\/ru\/wp-json\/wp\/v2\/posts\/1448","targetHints":{"allow":["GET"]}}],"collection":[{"href":"https:\/\/dnpdental.hu\/ru\/wp-json\/wp\/v2\/posts"}],"about":[{"href":"https:\/\/dnpdental.hu\/ru\/wp-json\/wp\/v2\/types\/post"}],"author":[{"embeddable":true,"href":"https:\/\/dnpdental.hu\/ru\/wp-json\/wp\/v2\/users\/1"}],"replies":[{"embeddable":true,"href":"https:\/\/dnpdental.hu\/ru\/wp-json\/wp\/v2\/comments?post=1448"}],"version-history":[{"count":4,"href":"https:\/\/dnpdental.hu\/ru\/wp-json\/wp\/v2\/posts\/1448\/revisions"}],"predecessor-version":[{"id":1512,"href":"https:\/\/dnpdental.hu\/ru\/wp-json\/wp\/v2\/posts\/1448\/revisions\/1512"}],"wp:featuredmedia":[{"embeddable":true,"href":"https:\/\/dnpdental.hu\/ru\/wp-json\/wp\/v2\/media\/1508"}],"wp:attachment":[{"href":"https:\/\/dnpdental.hu\/ru\/wp-json\/wp\/v2\/media?parent=1448"}],"wp:term":[{"taxonomy":"category","embeddable":true,"href":"https:\/\/dnpdental.hu\/ru\/wp-json\/wp\/v2\/categories?post=1448"},{"taxonomy":"post_tag","embeddable":true,"href":"https:\/\/dnpdental.hu\/ru\/wp-json\/wp\/v2\/tags?post=1448"}],"curies":[{"name":"wp","href":"https:\/\/api.w.org\/{rel}","templated":true}]}}